{"id":4321,"date":"2025-06-20T22:38:21","date_gmt":"2025-06-20T20:38:21","guid":{"rendered":"https:\/\/socialwatch.bj\/?p=4321"},"modified":"2025-06-20T22:38:21","modified_gmt":"2025-06-20T20:38:21","slug":"appel-a-manifestation-dinteret","status":"publish","type":"post","link":"https:\/\/socialwatch.bj\/?p=4321","title":{"rendered":"Appel \u00e0 manifestation d\u2019int\u00e9r\u00eat"},"content":{"rendered":"<p style=\"text-align: center;\"><strong>001\/2025\/UNICEF\/SWB<\/strong><\/p>\n<hr \/>\n<ol>\n<li>Social Watch B\u00e9nin est en partenariat avec la section Politiques Sociales de l\u2019UNICEF en vue de la r\u00e9alisation des activit\u00e9s de budg\u00e9tisation sensibles aux enfants sur la p\u00e9riode 2024-2026.<\/li>\n<li>Ce partenariat s\u2019inscrit dans le cadre du programme de coop\u00e9ration entre le B\u00e9nin et l\u2019UNICEF et contribue \u00e0 l\u2019atteinte du produit 3 dudit programme de coop\u00e9ration \u00ab\u00a0<strong>D\u2019ici \u00e0 2026, les acteurs locaux et nationaux, y compris ceux issus de la soci\u00e9t\u00e9 civile, ont renforc\u00e9 leurs connaissances et leurs capacit\u00e9s en mati\u00e8re de finances publiques au service des enfants, des adolescents, des femmes et des filles, permettant ainsi \u00e0 ces derniers d\u2019exercer leurs droits de mani\u00e8re plus efficiente, plus efficace et plus transparente <\/strong>\u00bb.<\/li>\n<li>Social Watch B\u00e9nin lance un appel \u00e0 manifestation d\u2019int\u00e9r\u00eat pour renforcer l\u2019engagement des m\u00e9dias en faveur des finances publiques et des droits des enfants \u00e0 travers la r\u00e9alisation d\u2019enqu\u00eates journalistiques.<\/li>\n<li>Les exigences en mati\u00e8re de qualification sont\u00a0pr\u00e9cis\u00e9es dans les TDR.<\/li>\n<li>Les candidats int\u00e9ress\u00e9s peuvent obtenir les TDR sur ce lien : <a href=\"https:\/\/socialwatch.bj\/wp-content\/uploads\/2025\/06\/Appui-production-et-publication-enquetes-journalistiques-BSE.pdf\">Termes de r\u00e9f\u00e9rence<\/a>.<\/li>\n<li>Les dossiers de manifestation sont r\u00e9dig\u00e9s en langue fran\u00e7aise et devront \u00eatre en version \u00e9lectronique sous format PDF en fichier unique\u00a0adress\u00e9es \u00e0 l\u2019adresse\u00a0: <a href=\"mailto:appel@socialwatch.bj\">appel@socialwatch.bj<\/a> au plus tard le <strong>04 juillet <\/strong><strong>\u00e0 18 heures<\/strong>. Les dossiers qui ne parviendront pas aux heure et date ci-dessus indiqu\u00e9es, seront purement et simplement rejet\u00e9es.<\/li>\n<li>Social Watch B\u00e9nin se r\u00e9serve le droit de ne pas donner une suite \u00e0 cet appel.<\/li>\n<\/ol>\n<p>&nbsp;<\/p>\n<p style=\"text-align: right;\">\u00a0<strong>Le Secr\u00e9taire Ex\u00e9cutif<\/strong><\/p>\n","protected":false},"excerpt":{"rendered":"<p>001\/2025\/UNICEF\/SWB Social Watch B\u00e9nin est en partenariat avec la section Politiques Sociales de l\u2019UNICEF en vue de la r\u00e9alisation des activit\u00e9s de budg\u00e9tisation sensibles aux enfants sur la p\u00e9riode 2024-2026. Ce partenariat s\u2019inscrit dans le cadre du programme de coop\u00e9ration entre le B\u00e9nin et l\u2019UNICEF et contribue \u00e0 l\u2019atteinte du produit 3 dudit programme de [&hellip;]<\/p>\n","protected":false},"author":1,"featured_media":4322,"comment_status":"open","ping_status":"open","sticky":false,"template":"","format":"standard","meta":{"amp_status":"","footnotes":""},"categories":[34,63],"tags":[205,61],"class_list":{"0":"post-4321","1":"post","2":"type-post","3":"status-publish","4":"format-standard","5":"has-post-thumbnail","7":"category-activites","8":"category-unicef","9":"tag-partenariat-unicef-social-watch-benin","10":"tag-unicef"},"jetpack_featured_media_url":"https:\/\/socialwatch.bj\/wp-content\/uploads\/2025\/06\/investigation-3.jpg","_links":{"self":[{"href":"https:\/\/socialwatch.bj\/index.php?rest_route=\/wp\/v2\/posts\/4321","targetHints":{"allow":["GET"]}}],"collection":[{"href":"https:\/\/socialwatch.bj\/index.php?rest_route=\/wp\/v2\/posts"}],"about":[{"href":"https:\/\/socialwatch.bj\/index.php?rest_route=\/wp\/v2\/types\/post"}],"author":[{"embeddable":true,"href":"https:\/\/socialwatch.bj\/index.php?rest_route=\/wp\/v2\/users\/1"}],"replies":[{"embeddable":true,"href":"https:\/\/socialwatch.bj\/index.php?rest_route=%2Fwp%2Fv2%2Fcomments&post=4321"}],"version-history":[{"count":1,"href":"https:\/\/socialwatch.bj\/index.php?rest_route=\/wp\/v2\/posts\/4321\/revisions"}],"predecessor-version":[{"id":4324,"href":"https:\/\/socialwatch.bj\/index.php?rest_route=\/wp\/v2\/posts\/4321\/revisions\/4324"}],"wp:featuredmedia":[{"embeddable":true,"href":"https:\/\/socialwatch.bj\/index.php?rest_route=\/wp\/v2\/media\/4322"}],"wp:attachment":[{"href":"https:\/\/socialwatch.bj\/index.php?rest_route=%2Fwp%2Fv2%2Fmedia&parent=4321"}],"wp:term":[{"taxonomy":"category","embeddable":true,"href":"https:\/\/socialwatch.bj\/index.php?rest_route=%2Fwp%2Fv2%2Fcategories&post=4321"},{"taxonomy":"post_tag","embeddable":true,"href":"https:\/\/socialwatch.bj\/index.php?rest_route=%2Fwp%2Fv2%2Ftags&post=4321"}],"curies":[{"name":"wp","href":"https:\/\/api.w.org\/{rel}","templated":true}]}}