{"id":4331,"date":"2025-07-10T17:36:57","date_gmt":"2025-07-10T15:36:57","guid":{"rendered":"https:\/\/socialwatch.bj\/?p=4331"},"modified":"2025-07-10T17:51:12","modified_gmt":"2025-07-10T15:51:12","slug":"lancement-officiel-du-projet-agir-pour-le-renforcement-de-la-redevabilite-sociale-dans-la-gestion-des-finances-et-politiques-publiques-au-benin","status":"publish","type":"post","link":"https:\/\/socialwatch.bj\/?p=4331","title":{"rendered":"Lancement officiel du projet \u00ab Agir pour le renforcement de la redevabilit\u00e9 sociale dans la gestion des finances et politiques publiques au B\u00e9nin \u00bb"},"content":{"rendered":"<p>Cotonou, le 10 juillet 2025 \u2013 \u00c0 l\u2019occasion du Dialogue entre les acteurs institutionnels sur le recouvrement des d\u00e9bets et amendes au profit des collectivit\u00e9s territoriales, le consortium Social Watch B\u00e9nin et l\u2019ONG ALCRER a proc\u00e9d\u00e9 au lancement officiel des activit\u00e9s du Projet \u00ab Agir pour le renforcement de la redevabilit\u00e9 sociale dans la gestion des finances et politiques publiques au B\u00e9nin \u00bb.<\/p>\n<p>Ce projet est mis en \u0153uvre dans le cadre de la Phase 3 du Programme Redevabilit\u00e9, une initiative financ\u00e9e par la Coop\u00e9ration suisse (DDC) au B\u00e9nin. La c\u00e9r\u00e9monie a eu lieu ce jeudi 10 juillet 2025, au si\u00e8ge de l\u2019Agent Judiciaire de l\u2019\u00c9tat, en pr\u00e9sence de plusieurs personnalit\u00e9s de haut rang, dont l\u2019Agent Judiciaire de l\u2019\u00c9tat, le Secr\u00e9taire G\u00e9n\u00e9ral de la Cour des comptes, ainsi que des repr\u00e9sentants de la DDC, de la GIZ et de GFA Consulting Group, op\u00e9rateur du Programme Redevabilit\u00e9.<\/p>\n<p>Dans son allocution de lancement, prononc\u00e9e au nom du consortium, M. Rigobert OROU GANNI, Pr\u00e9sident du Conseil d\u2019Administration de Social Watch B\u00e9nin, a soulign\u00e9 l\u2019importance strat\u00e9gique de ce projet pour renforcer les fondements de la gouvernance d\u00e9mocratique et financi\u00e8re au B\u00e9nin :<br \/>\nPrenant la parole au nom du consortium, M. Rigobert OROU GANNI, Pr\u00e9sident du Conseil d\u2019Administration de Social Watch B\u00e9nin, a livr\u00e9 un message fort sur les enjeux du projet et l&#8217;engagement citoyen pour une gouvernance transparente et responsable :<\/p>\n<p>\u00ab Le projet que nous lan\u00e7ons aujourd\u2019hui est une r\u00e9ponse structur\u00e9e aux d\u00e9fis persistants en mati\u00e8re de gestion des ressources publiques, particuli\u00e8rement dans le contexte local. Il vise \u00e0 renforcer la transparence budg\u00e9taire, \u00e0 consolider les m\u00e9canismes de participation citoyenne et \u00e0 stimuler un dialogue constructif entre autorit\u00e9s et citoyens autour de la redevabilit\u00e9. \u00c0 travers des actions cibl\u00e9es, des outils d\u2019analyse budg\u00e9taire, et l\u2019accompagnement des acteurs locaux, nous ambitionnons de contribuer \u00e0 l\u2019instauration d\u2019une culture de bonne gouvernance au niveau national comme local. \u00bb<\/p>\n<p>Le projet s\u2019inscrit dans une dynamique de transformation durable de la gouvernance publique, \u00e0 travers des activit\u00e9s de plaidoyer, de renforcement des capacit\u00e9s, de veille citoyenne et d\u2019engagement communautaire, notamment au niveau des collectivit\u00e9s locales.<\/p>\n<p>Le choix de proc\u00e9der au lancement officiel du projet \u00e0 la faveur du dialogue sur le recouvrement des d\u00e9bets et amendes se veut un symbole fort de l\u2019articulation n\u00e9cessaire entre les efforts institutionnels et la mobilisation citoyenne pour une meilleure gestion des ressources publiques au service des populations.<\/p>\n","protected":false},"excerpt":{"rendered":"<p>Cotonou, le 10 juillet 2025 \u2013 \u00c0 l\u2019occasion du Dialogue entre les acteurs institutionnels sur le recouvrement des d\u00e9bets et amendes au profit des collectivit\u00e9s territoriales, le consortium Social Watch B\u00e9nin et l\u2019ONG ALCRER a proc\u00e9d\u00e9 au lancement officiel des activit\u00e9s du Projet \u00ab Agir pour le renforcement de la redevabilit\u00e9 sociale dans la gestion [&hellip;]<\/p>\n","protected":false},"author":1,"featured_media":4332,"comment_status":"open","ping_status":"open","sticky":false,"template":"","format":"standard","meta":{"amp_status":"","footnotes":""},"categories":[34,417],"tags":[75],"class_list":{"0":"post-4331","1":"post","2":"type-post","3":"status-publish","4":"format-standard","5":"has-post-thumbnail","7":"category-activites","8":"category-agir-pour-le-renforcement-de-la-redevabilite-sociale-dans-la-gestion-des-finances-et-politiques-publiques-au-benin","9":"tag-redevabilite"},"jetpack_featured_media_url":"https:\/\/socialwatch.bj\/wp-content\/uploads\/2025\/07\/WhatsApp-Image-2025-07-10-at-4.33.24-PM.jpeg","_links":{"self":[{"href":"https:\/\/socialwatch.bj\/index.php?rest_route=\/wp\/v2\/posts\/4331","targetHints":{"allow":["GET"]}}],"collection":[{"href":"https:\/\/socialwatch.bj\/index.php?rest_route=\/wp\/v2\/posts"}],"about":[{"href":"https:\/\/socialwatch.bj\/index.php?rest_route=\/wp\/v2\/types\/post"}],"author":[{"embeddable":true,"href":"https:\/\/socialwatch.bj\/index.php?rest_route=\/wp\/v2\/users\/1"}],"replies":[{"embeddable":true,"href":"https:\/\/socialwatch.bj\/index.php?rest_route=%2Fwp%2Fv2%2Fcomments&post=4331"}],"version-history":[{"count":1,"href":"https:\/\/socialwatch.bj\/index.php?rest_route=\/wp\/v2\/posts\/4331\/revisions"}],"predecessor-version":[{"id":4333,"href":"https:\/\/socialwatch.bj\/index.php?rest_route=\/wp\/v2\/posts\/4331\/revisions\/4333"}],"wp:featuredmedia":[{"embeddable":true,"href":"https:\/\/socialwatch.bj\/index.php?rest_route=\/wp\/v2\/media\/4332"}],"wp:attachment":[{"href":"https:\/\/socialwatch.bj\/index.php?rest_route=%2Fwp%2Fv2%2Fmedia&parent=4331"}],"wp:term":[{"taxonomy":"category","embeddable":true,"href":"https:\/\/socialwatch.bj\/index.php?rest_route=%2Fwp%2Fv2%2Fcategories&post=4331"},{"taxonomy":"post_tag","embeddable":true,"href":"https:\/\/socialwatch.bj\/index.php?rest_route=%2Fwp%2Fv2%2Ftags&post=4331"}],"curies":[{"name":"wp","href":"https:\/\/api.w.org\/{rel}","templated":true}]}}