{"id":4359,"date":"2025-07-15T19:27:28","date_gmt":"2025-07-15T17:27:28","guid":{"rendered":"https:\/\/socialwatch.bj\/?p=4359"},"modified":"2025-07-15T22:42:39","modified_gmt":"2025-07-15T20:42:39","slug":"cinquieme-edition-de-la-foire-sur-la-transparence-budgetaire-a-luac-la-co-creation-citoyenne-au-coeur-de-la-gouvernance-publique","status":"publish","type":"post","link":"https:\/\/socialwatch.bj\/?p=4359","title":{"rendered":"Cinqui\u00e8me \u00e9dition de la Foire sur la Transparence Budg\u00e9taire \u00e0 l\u2019UAC : la co-cr\u00e9ation citoyenne au c\u0153ur de la gouvernance publique"},"content":{"rendered":"<p><em>Universit\u00e9 d\u2019Abomey-Calavi, 15 juillet 2025<\/em> \u2014 C\u2019est dans une ambiance studieuse et engag\u00e9e que s\u2019est ouverte, ce mardi 15 juillet 2025, la cinqui\u00e8me \u00e9dition de la <strong>Foire sur la Transparence Budg\u00e9taire<\/strong>, organis\u00e9e dans l\u2019amphith\u00e9\u00e2tre Idriss D\u00e9by Itno de l\u2019Universit\u00e9 d\u2019Abomey-Calavi (UAC). Plac\u00e9e sous le th\u00e8me \u00e9vocateur <em>\u00ab Gestion budg\u00e9taire au B\u00e9nin : quand la co-cr\u00e9ation citoyenne transforme la gouvernance \u00bb<\/em>, cette foire est le fruit d\u2019un partenariat entre la <strong>Direction G\u00e9n\u00e9rale du Budget (DGB)<\/strong> et la <strong>Facult\u00e9 des Sciences \u00c9conomiques et de Gestion (FASEG)<\/strong>.<\/p>\n<p>La c\u00e9r\u00e9monie d\u2019ouverture a \u00e9t\u00e9 marqu\u00e9e par une forte mobilisation. \u00c9tudiants, enseignants-chercheurs, acteurs de la soci\u00e9t\u00e9 civile, partenaires techniques et financiers (PTF), ainsi que professionnels des m\u00e9dias, ont r\u00e9pondu pr\u00e9sents \u00e0 ce rendez-vous devenu incontournable pour la promotion de la gouvernance ouverte au B\u00e9nin.<\/p>\n<p>Quatre allocutions ont rythm\u00e9 l\u2019ouverture officielle : le mot de bienvenue du Vice-Doyen de la FASEG, <strong>Professeur Maxime HOUNYOVI<\/strong>, les interventions des repr\u00e9sentants de l\u2019<strong>UNICEF<\/strong>, <strong>M. Mohamed ABOUBAKARI<\/strong> et de la <strong>GIZ, M. Jacky BARBOZA<\/strong>, ainsi que le discours inaugural prononc\u00e9 par la <strong>Directrice Adjointe du Budget, Mme Christiane KUADJO K.<\/strong>. Par la suite, le Doyen de la FASEG, <strong>Professeur<\/strong><strong> Denis ACCLASSATO<\/strong> qui a rejoint l\u2019assistance, a salu\u00e9 les organisateurs et encourag\u00e9 les \u00e9tudiants \u00e0 s\u2019investir pleinement dans les activit\u00e9s de la foire.<\/p>\n<p>L\u2019un des temps forts de cette premi\u00e8re journ\u00e9e a \u00e9t\u00e9 le <strong>panel sur la gouvernance ouverte<\/strong>, mod\u00e9r\u00e9 par <strong>M. Ozias SOUNOUVOU<\/strong>.<\/p>\n<figure id=\"attachment_4349\" aria-describedby=\"caption-attachment-4349\" style=\"width: 696px\" class=\"wp-caption alignnone\"><img loading=\"lazy\" decoding=\"async\" class=\"size-large wp-image-4349\" src=\"https:\/\/socialwatch.bj\/wp-content\/uploads\/2025\/07\/2-Paneliste-droite-a-gauche-M-BARBOZA-et-M.-DEGUE-1024x683.jpeg\" alt=\"\" width=\"696\" height=\"464\" srcset=\"https:\/\/socialwatch.bj\/wp-content\/uploads\/2025\/07\/2-Paneliste-droite-a-gauche-M-BARBOZA-et-M.-DEGUE-1024x683.jpeg 1024w, https:\/\/socialwatch.bj\/wp-content\/uploads\/2025\/07\/2-Paneliste-droite-a-gauche-M-BARBOZA-et-M.-DEGUE-300x200.jpeg 300w, https:\/\/socialwatch.bj\/wp-content\/uploads\/2025\/07\/2-Paneliste-droite-a-gauche-M-BARBOZA-et-M.-DEGUE-768x512.jpeg 768w, https:\/\/socialwatch.bj\/wp-content\/uploads\/2025\/07\/2-Paneliste-droite-a-gauche-M-BARBOZA-et-M.-DEGUE-696x464.jpeg 696w, https:\/\/socialwatch.bj\/wp-content\/uploads\/2025\/07\/2-Paneliste-droite-a-gauche-M-BARBOZA-et-M.-DEGUE-1068x712.jpeg 1068w, https:\/\/socialwatch.bj\/wp-content\/uploads\/2025\/07\/2-Paneliste-droite-a-gauche-M-BARBOZA-et-M.-DEGUE-630x420.jpeg 630w, https:\/\/socialwatch.bj\/wp-content\/uploads\/2025\/07\/2-Paneliste-droite-a-gauche-M-BARBOZA-et-M.-DEGUE.jpeg 1278w\" sizes=\"auto, (max-width: 696px) 100vw, 696px\" \/><figcaption id=\"caption-attachment-4349\" class=\"wp-caption-text\">Pane\u0301listes (gauche vers droite): M. BARBOZA et M. DEGUE<\/figcaption><\/figure>\n<p>Il a permis d\u2019explorer des <strong>exp\u00e9riences concr\u00e8tes et des pratiques inspirantes en mati\u00e8re de co-cr\u00e9ation<\/strong>.<\/p>\n<figure id=\"attachment_4351\" aria-describedby=\"caption-attachment-4351\" style=\"width: 696px\" class=\"wp-caption alignnone\"><img loading=\"lazy\" decoding=\"async\" class=\"size-large wp-image-4351\" src=\"https:\/\/socialwatch.bj\/wp-content\/uploads\/2025\/07\/3-Paneliste-droite-versr-gauche-Mme-CODJOVI-et-M-ABOUBAKARI-1024x682.jpeg\" alt=\"\" width=\"696\" height=\"464\" srcset=\"https:\/\/socialwatch.bj\/wp-content\/uploads\/2025\/07\/3-Paneliste-droite-versr-gauche-Mme-CODJOVI-et-M-ABOUBAKARI-1024x682.jpeg 1024w, https:\/\/socialwatch.bj\/wp-content\/uploads\/2025\/07\/3-Paneliste-droite-versr-gauche-Mme-CODJOVI-et-M-ABOUBAKARI-300x200.jpeg 300w, https:\/\/socialwatch.bj\/wp-content\/uploads\/2025\/07\/3-Paneliste-droite-versr-gauche-Mme-CODJOVI-et-M-ABOUBAKARI-768x512.jpeg 768w, https:\/\/socialwatch.bj\/wp-content\/uploads\/2025\/07\/3-Paneliste-droite-versr-gauche-Mme-CODJOVI-et-M-ABOUBAKARI-696x464.jpeg 696w, https:\/\/socialwatch.bj\/wp-content\/uploads\/2025\/07\/3-Paneliste-droite-versr-gauche-Mme-CODJOVI-et-M-ABOUBAKARI-1068x712.jpeg 1068w, https:\/\/socialwatch.bj\/wp-content\/uploads\/2025\/07\/3-Paneliste-droite-versr-gauche-Mme-CODJOVI-et-M-ABOUBAKARI-630x420.jpeg 630w, https:\/\/socialwatch.bj\/wp-content\/uploads\/2025\/07\/3-Paneliste-droite-versr-gauche-Mme-CODJOVI-et-M-ABOUBAKARI.jpeg 1214w\" sizes=\"auto, (max-width: 696px) 100vw, 696px\" \/><figcaption id=\"caption-attachment-4351\" class=\"wp-caption-text\">Pane\u0301listes (gauche vers droite): Mme CODJOVI et M. ABOUBAKARI<\/figcaption><\/figure>\n<p>Quatre intervenants de qualit\u00e9 ont partag\u00e9 leurs perspectives : <strong>M. Jean-Pierre DEGUE<\/strong>, Secr\u00e9taire Ex\u00e9cutif de Social Watch B\u00e9nin, <strong>Mme Mireille Hortense CODJOVI<\/strong>, Directrice du P\u00f4le Budget Ouvert \u00e0 la DGB, <strong>M. Mohamed ABOUBAKARI<\/strong> de l\u2019UNICEF et <strong>M. Jacky BARBOZA<\/strong> de GIZ\/ReFORME.<\/p>\n<p>Les \u00e9changes ont mis en lumi\u00e8re les <strong>progr\u00e8s significatifs du B\u00e9nin en mati\u00e8re de transparence budg\u00e9taire<\/strong>, le r\u00f4le actif de la soci\u00e9t\u00e9 civile, l&#8217;engagement des partenaires techniques et financiers, et surtout la <strong>volont\u00e9 politique manifeste<\/strong> qui sous-tend les r\u00e9formes engag\u00e9es. N\u00e9anmoins, les pan\u00e9listes ont reconnu qu\u2019il reste des <strong>d\u00e9fis majeurs \u00e0 relever<\/strong> pour renforcer la participation citoyenne et l\u2019acc\u00e8s \u00e0 l\u2019information budg\u00e9taire.<\/p>\n<p>Un moment d\u2019interaction avec les \u00e9tudiants a permis de r\u00e9pondre \u00e0 leurs pr\u00e9occupations, tout en les invitant \u00e0 approfondir leurs connaissances sur les plateformes num\u00e9riques mises \u00e0 disposition. L\u2019appel \u00e0 la curiosit\u00e9 intellectuelle et \u00e0 l\u2019engagement civique a \u00e9t\u00e9 fortement r\u00e9it\u00e9r\u00e9.<\/p>\n<figure id=\"attachment_4350\" aria-describedby=\"caption-attachment-4350\" style=\"width: 696px\" class=\"wp-caption alignnone\"><img loading=\"lazy\" decoding=\"async\" class=\"wp-image-4350 size-large\" src=\"https:\/\/socialwatch.bj\/wp-content\/uploads\/2025\/07\/4-Coupure-ruban-de-la-Foire-1024x682.jpeg\" alt=\"\" width=\"696\" height=\"464\" srcset=\"https:\/\/socialwatch.bj\/wp-content\/uploads\/2025\/07\/4-Coupure-ruban-de-la-Foire-1024x682.jpeg 1024w, https:\/\/socialwatch.bj\/wp-content\/uploads\/2025\/07\/4-Coupure-ruban-de-la-Foire-300x200.jpeg 300w, https:\/\/socialwatch.bj\/wp-content\/uploads\/2025\/07\/4-Coupure-ruban-de-la-Foire-768x512.jpeg 768w, https:\/\/socialwatch.bj\/wp-content\/uploads\/2025\/07\/4-Coupure-ruban-de-la-Foire-696x464.jpeg 696w, https:\/\/socialwatch.bj\/wp-content\/uploads\/2025\/07\/4-Coupure-ruban-de-la-Foire-1068x712.jpeg 1068w, https:\/\/socialwatch.bj\/wp-content\/uploads\/2025\/07\/4-Coupure-ruban-de-la-Foire-630x420.jpeg 630w, https:\/\/socialwatch.bj\/wp-content\/uploads\/2025\/07\/4-Coupure-ruban-de-la-Foire.jpeg 1280w\" sizes=\"auto, (max-width: 696px) 100vw, 696px\" \/><figcaption id=\"caption-attachment-4350\" class=\"wp-caption-text\">Coupure du ruban de la Foire par la DGA du Budget avec le Doyen de la FASEG, et les repr\u00e9sentants des PTFs et OSCs.<\/figcaption><\/figure>\n<p>La premi\u00e8re journ\u00e9e s\u2019est cl\u00f4tur\u00e9e par une <strong>photo de famille<\/strong>, la <strong>coupure du ruban symbolique<\/strong> des stands, suivie de leur <strong>animation<\/strong> par les diff\u00e9rentes structures pr\u00e9sentes. Au total, <strong>quinze stands th\u00e9matiques<\/strong> sont anim\u00e9s, notamment par des acteurs de l\u2019Administration publique et des organisations de la soci\u00e9t\u00e9 civile telles que <strong>Social Watch B\u00e9nin<\/strong>, <strong>ALCRER<\/strong>, <strong>RIFONGA<\/strong> et <strong>Changement Social B\u00e9nin<\/strong>.<\/p>\n<p>Les activit\u00e9s de la Foire se poursuivront ce mercredi 16 juillet 2025, avec des visites guid\u00e9es des stands et une cl\u00f4ture officielle pr\u00e9vue dans l\u2019apr\u00e8s-midi.<\/p>\n<figure id=\"attachment_4352\" aria-describedby=\"caption-attachment-4352\" style=\"width: 696px\" class=\"wp-caption alignnone\"><img loading=\"lazy\" decoding=\"async\" class=\"size-large wp-image-4352\" src=\"https:\/\/socialwatch.bj\/wp-content\/uploads\/2025\/07\/5-Visite-de-stand-par-les-Etudiants-1024x682.jpeg\" alt=\"\" width=\"696\" height=\"464\" srcset=\"https:\/\/socialwatch.bj\/wp-content\/uploads\/2025\/07\/5-Visite-de-stand-par-les-Etudiants-1024x682.jpeg 1024w, https:\/\/socialwatch.bj\/wp-content\/uploads\/2025\/07\/5-Visite-de-stand-par-les-Etudiants-300x200.jpeg 300w, https:\/\/socialwatch.bj\/wp-content\/uploads\/2025\/07\/5-Visite-de-stand-par-les-Etudiants-768x512.jpeg 768w, https:\/\/socialwatch.bj\/wp-content\/uploads\/2025\/07\/5-Visite-de-stand-par-les-Etudiants-696x464.jpeg 696w, https:\/\/socialwatch.bj\/wp-content\/uploads\/2025\/07\/5-Visite-de-stand-par-les-Etudiants-1068x712.jpeg 1068w, https:\/\/socialwatch.bj\/wp-content\/uploads\/2025\/07\/5-Visite-de-stand-par-les-Etudiants-630x420.jpeg 630w, https:\/\/socialwatch.bj\/wp-content\/uploads\/2025\/07\/5-Visite-de-stand-par-les-Etudiants.jpeg 1280w\" sizes=\"auto, (max-width: 696px) 100vw, 696px\" \/><figcaption id=\"caption-attachment-4352\" class=\"wp-caption-text\">Visite de stand par les Etudiants(es)<\/figcaption><\/figure>\n<p>Cette foire s\u2019impose une fois encore comme un levier de <strong>p\u00e9dagogie citoyenne<\/strong>, un creuset de dialogue entre institutions publiques, soci\u00e9t\u00e9 civile et jeunesse universitaire pour une <strong>gouvernance plus transparente, participative et inclusive<\/strong>.<\/p>\n","protected":false},"excerpt":{"rendered":"<p>Universit\u00e9 d\u2019Abomey-Calavi, 15 juillet 2025 \u2014 C\u2019est dans une ambiance studieuse et engag\u00e9e que s\u2019est ouverte, ce mardi 15 juillet 2025, la cinqui\u00e8me \u00e9dition de la Foire sur la Transparence Budg\u00e9taire, organis\u00e9e dans l\u2019amphith\u00e9\u00e2tre Idriss D\u00e9by Itno de l\u2019Universit\u00e9 d\u2019Abomey-Calavi (UAC). Plac\u00e9e sous le th\u00e8me \u00e9vocateur \u00ab Gestion budg\u00e9taire au B\u00e9nin : quand la co-cr\u00e9ation [&hellip;]<\/p>\n","protected":false},"author":1,"featured_media":4348,"comment_status":"open","ping_status":"open","sticky":false,"template":"","format":"standard","meta":{"amp_status":"","footnotes":""},"categories":[34],"tags":[75,320],"class_list":{"0":"post-4359","1":"post","2":"type-post","3":"status-publish","4":"format-standard","5":"has-post-thumbnail","7":"category-activites","8":"tag-redevabilite","9":"tag-transparence-budgetaire"},"jetpack_featured_media_url":"https:\/\/socialwatch.bj\/wp-content\/uploads\/2025\/07\/1-Stand-SWB-et-ALCRER.jpeg","_links":{"self":[{"href":"https:\/\/socialwatch.bj\/index.php?rest_route=\/wp\/v2\/posts\/4359","targetHints":{"allow":["GET"]}}],"collection":[{"href":"https:\/\/socialwatch.bj\/index.php?rest_route=\/wp\/v2\/posts"}],"about":[{"href":"https:\/\/socialwatch.bj\/index.php?rest_route=\/wp\/v2\/types\/post"}],"author":[{"embeddable":true,"href":"https:\/\/socialwatch.bj\/index.php?rest_route=\/wp\/v2\/users\/1"}],"replies":[{"embeddable":true,"href":"https:\/\/socialwatch.bj\/index.php?rest_route=%2Fwp%2Fv2%2Fcomments&post=4359"}],"version-history":[{"count":8,"href":"https:\/\/socialwatch.bj\/index.php?rest_route=\/wp\/v2\/posts\/4359\/revisions"}],"predecessor-version":[{"id":4368,"href":"https:\/\/socialwatch.bj\/index.php?rest_route=\/wp\/v2\/posts\/4359\/revisions\/4368"}],"wp:featuredmedia":[{"embeddable":true,"href":"https:\/\/socialwatch.bj\/index.php?rest_route=\/wp\/v2\/media\/4348"}],"wp:attachment":[{"href":"https:\/\/socialwatch.bj\/index.php?rest_route=%2Fwp%2Fv2%2Fmedia&parent=4359"}],"wp:term":[{"taxonomy":"category","embeddable":true,"href":"https:\/\/socialwatch.bj\/index.php?rest_route=%2Fwp%2Fv2%2Fcategories&post=4359"},{"taxonomy":"post_tag","embeddable":true,"href":"https:\/\/socialwatch.bj\/index.php?rest_route=%2Fwp%2Fv2%2Ftags&post=4359"}],"curies":[{"name":"wp","href":"https:\/\/api.w.org\/{rel}","templated":true}]}}