{"id":4400,"date":"2025-08-26T19:24:43","date_gmt":"2025-08-26T17:24:43","guid":{"rendered":"https:\/\/socialwatch.bj\/?p=4400"},"modified":"2025-08-26T19:24:43","modified_gmt":"2025-08-26T17:24:43","slug":"%f0%9f%8e%af-a-lecoute-de-nos-deputes-2","status":"publish","type":"post","link":"https:\/\/socialwatch.bj\/?p=4400","title":{"rendered":"\ud83c\udfaf A l&#8217;\u00e9coute de nos d\u00e9put\u00e9s"},"content":{"rendered":"<p>Voulez-vous \u00e9changer avec les d\u00e9put\u00e9s de la neuvi\u00e8me l\u00e9gislature sur <a href=\"https:\/\/urls.fr\/MKB2bX\">les lois vot\u00e9es au cours de la premi\u00e8re session ordinaire\u00a0de\u00a02025<\/a> \u2753<\/p>\n<p>Social Watch B\u00e9nin vous en donne l&#8217;occasion gr\u00e2ce au Facebook live<br \/>\n\ud83d\udce1<a href=\"http:\/\/fb.me\/swbenin\">http:\/\/fb.me\/swbenin<\/a><br \/>\n\ud83d\udce1<a href=\"http:\/\/fb.me\/assembleenationalebenin\">http:\/\/fb.me\/assembleenationalebenin<\/a><\/p>\n<p>Avec les Honorables :<\/p>\n<p>\u2705 Orden ALLADATIN (UPR)<br \/>\n\u2705 Gladys TOSSOU (UPR)<br \/>\n\u2705 Abdel Kamel OUASSAGARA (Les D\u00e9mocrates)<br \/>\n\u2705 Assan SEIBOU (BR)<\/p>\n<p>\u23f3 Mercredi 27 Ao\u00fbt 2025<br \/>\n\u23f1 11h00<\/p>\n<p>Prenez le rendez-vous avec le Projet Initiative Parlement Ouvert<\/p>\n","protected":false},"excerpt":{"rendered":"<p>Voulez-vous \u00e9changer avec les d\u00e9put\u00e9s de la neuvi\u00e8me l\u00e9gislature sur les lois vot\u00e9es au cours de la premi\u00e8re session ordinaire\u00a0de\u00a02025 \u2753 Social Watch B\u00e9nin vous en donne l&#8217;occasion gr\u00e2ce au Facebook live \ud83d\udce1http:\/\/fb.me\/swbenin \ud83d\udce1http:\/\/fb.me\/assembleenationalebenin Avec les Honorables : \u2705 Orden ALLADATIN (UPR) \u2705 Gladys TOSSOU (UPR) \u2705 Abdel Kamel OUASSAGARA (Les D\u00e9mocrates) \u2705 Assan SEIBOU [&hellip;]<\/p>\n","protected":false},"author":1,"featured_media":4401,"comment_status":"open","ping_status":"open","sticky":false,"template":"","format":"standard","meta":{"amp_status":"","footnotes":""},"categories":[34,315],"tags":[153,423,408],"class_list":{"0":"post-4400","1":"post","2":"type-post","3":"status-publish","4":"format-standard","5":"has-post-thumbnail","7":"category-activites","8":"category-parlement-ouvert","9":"tag-ogp","10":"tag-pgo","11":"tag-wasexo"},"jetpack_featured_media_url":"https:\/\/socialwatch.bj\/wp-content\/uploads\/2025\/08\/WhatsApp-Image-2025-08-26-at-6.22.53-PM.jpeg","_links":{"self":[{"href":"https:\/\/socialwatch.bj\/index.php?rest_route=\/wp\/v2\/posts\/4400","targetHints":{"allow":["GET"]}}],"collection":[{"href":"https:\/\/socialwatch.bj\/index.php?rest_route=\/wp\/v2\/posts"}],"about":[{"href":"https:\/\/socialwatch.bj\/index.php?rest_route=\/wp\/v2\/types\/post"}],"author":[{"embeddable":true,"href":"https:\/\/socialwatch.bj\/index.php?rest_route=\/wp\/v2\/users\/1"}],"replies":[{"embeddable":true,"href":"https:\/\/socialwatch.bj\/index.php?rest_route=%2Fwp%2Fv2%2Fcomments&post=4400"}],"version-history":[{"count":1,"href":"https:\/\/socialwatch.bj\/index.php?rest_route=\/wp\/v2\/posts\/4400\/revisions"}],"predecessor-version":[{"id":4402,"href":"https:\/\/socialwatch.bj\/index.php?rest_route=\/wp\/v2\/posts\/4400\/revisions\/4402"}],"wp:featuredmedia":[{"embeddable":true,"href":"https:\/\/socialwatch.bj\/index.php?rest_route=\/wp\/v2\/media\/4401"}],"wp:attachment":[{"href":"https:\/\/socialwatch.bj\/index.php?rest_route=%2Fwp%2Fv2%2Fmedia&parent=4400"}],"wp:term":[{"taxonomy":"category","embeddable":true,"href":"https:\/\/socialwatch.bj\/index.php?rest_route=%2Fwp%2Fv2%2Fcategories&post=4400"},{"taxonomy":"post_tag","embeddable":true,"href":"https:\/\/socialwatch.bj\/index.php?rest_route=%2Fwp%2Fv2%2Ftags&post=4400"}],"curies":[{"name":"wp","href":"https:\/\/api.w.org\/{rel}","templated":true}]}}