{"id":4435,"date":"2025-12-06T20:53:08","date_gmt":"2025-12-06T19:53:08","guid":{"rendered":"https:\/\/socialwatch.bj\/?p=4435"},"modified":"2025-12-06T20:53:08","modified_gmt":"2025-12-06T19:53:08","slug":"avis-dappel-a-candidatures","status":"publish","type":"post","link":"https:\/\/socialwatch.bj\/?p=4435","title":{"rendered":"Avis d\u2019appel \u00e0 candidatures"},"content":{"rendered":"<p>Dans le cadre de la mise en \u0153uvre du Projet \u00ab <em><strong>Agir pour le renforcement de la<\/strong><\/em><br \/>\n<em><strong>redevabilit\u00e9 sociale dans la gestion des finances et politiques publiques au B\u00e9nin<\/strong><\/em> \u00bb, financ\u00e9 par la Coop\u00e9ration Suisse \u00e0 travers la phase 3 du Programme Redevabilit\u00e9, le consortium Social Watch B\u00e9nin \u2013 ALCRER organise une session de formation destin\u00e9e \u00e0 quinze (15) professionnels des m\u00e9dias sur le journalisme d\u2019investigation appliqu\u00e9 \u00e0 la corruption et aux atteintes \u00e0 l\u2019obligation de redevabilit\u00e9.<br \/>\nCette session constitue la premi\u00e8re \u00e9tape d\u2019un nouveau dispositif d\u2019appui \u00e0 l\u2019investigation journalistique mis en place par le projet. Elle vise \u00e0 renforcer la capacit\u00e9 des journalistes \u00e0 conduire des enqu\u00eates rigoureuses, cr\u00e9dibles et impactantes sur la corruption et la redevabilit\u00e9 publique.<br \/>\n\u00c0 l\u2019issue de la formation, les participants pourront soumettre des projets d\u2019investigation pour b\u00e9n\u00e9ficier d\u2019un appui technique et financier en 2026, ainsi que participer au processus de distinction des cinq meilleures enqu\u00eates journalistiques.<br \/>\nLe pr\u00e9sent appel vise \u00e0 s\u00e9lectionner les journalistes qui prendront part \u00e0 cette session.<\/p>\n<p><strong>1. Conditions de participation<br \/>\n<\/strong><br \/>\nPour prendre part \u00e0 la s\u00e9lection, les candidates (es) doivent remplir les conditions ci-apr\u00e8s :<\/p>\n<ul>\n<li>\u00eatre un(e) professionnel(le) des m\u00e9dias (presse \u00e9crite, audiovisuelle ou en ligne) travaillant au B\u00e9nin en tant que permanent(e) ou free-lance ;<\/li>\n<li>justifier d\u2019au moins cinq (5) ann\u00e9es d\u2019exp\u00e9rience professionnelle dans la presse ;<\/li>\n<li>avoir produit et publi\u00e9\/diffus\u00e9 au moins une enqu\u00eate journalistique au cours des deux derni\u00e8res ann\u00e9es ;<\/li>\n<li>pr\u00e9senter un projet d\u2019investigation portant sur un fait de corruption, la lutte contre la corruption ou une atteinte \u00e0 l\u2019obligation de redevabilit\u00e9 ;<\/li>\n<li>avoir suivi d\u00e9j\u00e0 une formation sur la lutte contre la corruption ou la redevabilit\u00e9 en lien avec le journalisme dans le cadre du Programme Redevabilit\u00e9 serait un atout.<\/li>\n<\/ul>\n<p><strong>2. Dossier de candidature<\/strong><br \/>\nPour prendre part \u00e0 la s\u00e9lection, les candidats (es) doivent pr\u00e9senter un dossier comportant :<\/p>\n<ul>\n<li>une lettre de motivation pr\u00e9cisant l\u2019int\u00e9r\u00eat pour la formation, les sessions d\u00e9j\u00e0 suivies dans le cadre du Programme Redevabilit\u00e9 et le sujet d\u2019investigation envisag\u00e9 ;<\/li>\n<li>une copie d\u2019une enqu\u00eate journalistique produite et publi\u00e9e\/diffus\u00e9e au cours des deux derni\u00e8res ann\u00e9es ;<\/li>\n<li>un projet d\u2019investigation d\u2019une page maximum en lien avec la corruption ou les atteintes \u00e0 l\u2019obligation de redevabilit\u00e9 au B\u00e9nin ;<\/li>\n<li>les coordonn\u00e9es compl\u00e8tes : nom et pr\u00e9noms, contact t\u00e9l\u00e9phonique, adresse e-mail, lieu de r\u00e9sidence, organe de presse.<\/li>\n<\/ul>\n<p><strong>3. Proc\u00e9dure de s\u00e9lection<\/strong><\/p>\n<p>Social Watch B\u00e9nin et ALCRER mettront en place un comit\u00e9 compos\u00e9 de membres de l\u2019\u00e9quipe du projet, sp\u00e9cialistes en gouvernance et m\u00e9dias, \u00e9largie, dans la mesure du possible, \u00e0 la charg\u00e9e de la communication de GFA.<br \/>\nLe comit\u00e9 s\u00e9lectionne les b\u00e9n\u00e9ficiaires de la formation sur la base des crit\u00e8res ci-dessus en veillant \u00e0 :<\/p>\n<ul>\n<li>de la qualit\u00e9 des profils,<\/li>\n<li>de la pertinence des sujets propos\u00e9s,<\/li>\n<li>de l\u2019originalit\u00e9 et du potentiel d\u2019impact des projets d\u2019investigation.<\/li>\n<\/ul>\n<p>Le consortium se r\u00e9serve le droit de ne pas retenir de candidats si le nombre ou la qualit\u00e9 des dossiers soumis est insuffisant.<br \/>\nSeuls (es) les candidats (es) s\u00e9lectionn\u00e9s seront contact\u00e9s.<\/p>\n<p><strong>4. D\u00e9p\u00f4t des candidatures<\/strong><\/p>\n<p>Les dossiers de candidature sont \u00e0 transmettre <strong>par e-mail uniquement<\/strong> \u00e0 l\u2019adresse :<br \/>\n<strong>alcrerpara@yahoo.fr<\/strong>, au plus tard le <strong>16 d\u00e9cembre 2025 \u00e0 17 heures<\/strong>, avec pour<br \/>\nobjet : \u00ab <strong>Projet AGIR \/ Formation sur l\u2019investigation journalistique<\/strong> \u00bb.<\/p>\n<p>Pour toute information compl\u00e9mentaire ou pour consulter les Termes de r\u00e9f\u00e9rence<br \/>\nde la formation, veuillez \u00e9crire \u00e0 la m\u00eame adresse ou contacter le 01 94 19 16 13.<\/p>\n","protected":false},"excerpt":{"rendered":"<p>Dans le cadre de la mise en \u0153uvre du Projet \u00ab Agir pour le renforcement de la redevabilit\u00e9 sociale dans la gestion des finances et politiques publiques au B\u00e9nin \u00bb, financ\u00e9 par la Coop\u00e9ration Suisse \u00e0 travers la phase 3 du Programme Redevabilit\u00e9, le consortium Social Watch B\u00e9nin \u2013 ALCRER organise une session de formation [&hellip;]<\/p>\n","protected":false},"author":1,"featured_media":4322,"comment_status":"open","ping_status":"open","sticky":false,"template":"","format":"standard","meta":{"amp_status":"","footnotes":""},"categories":[34,417,36],"tags":[181],"class_list":{"0":"post-4435","1":"post","2":"type-post","3":"status-publish","4":"format-standard","5":"has-post-thumbnail","7":"category-activites","8":"category-agir-pour-le-renforcement-de-la-redevabilite-sociale-dans-la-gestion-des-finances-et-politiques-publiques-au-benin","9":"category-opportunites","10":"tag-investigation"},"jetpack_featured_media_url":"https:\/\/socialwatch.bj\/wp-content\/uploads\/2025\/06\/investigation-3.jpg","_links":{"self":[{"href":"https:\/\/socialwatch.bj\/index.php?rest_route=\/wp\/v2\/posts\/4435","targetHints":{"allow":["GET"]}}],"collection":[{"href":"https:\/\/socialwatch.bj\/index.php?rest_route=\/wp\/v2\/posts"}],"about":[{"href":"https:\/\/socialwatch.bj\/index.php?rest_route=\/wp\/v2\/types\/post"}],"author":[{"embeddable":true,"href":"https:\/\/socialwatch.bj\/index.php?rest_route=\/wp\/v2\/users\/1"}],"replies":[{"embeddable":true,"href":"https:\/\/socialwatch.bj\/index.php?rest_route=%2Fwp%2Fv2%2Fcomments&post=4435"}],"version-history":[{"count":1,"href":"https:\/\/socialwatch.bj\/index.php?rest_route=\/wp\/v2\/posts\/4435\/revisions"}],"predecessor-version":[{"id":4436,"href":"https:\/\/socialwatch.bj\/index.php?rest_route=\/wp\/v2\/posts\/4435\/revisions\/4436"}],"wp:featuredmedia":[{"embeddable":true,"href":"https:\/\/socialwatch.bj\/index.php?rest_route=\/wp\/v2\/media\/4322"}],"wp:attachment":[{"href":"https:\/\/socialwatch.bj\/index.php?rest_route=%2Fwp%2Fv2%2Fmedia&parent=4435"}],"wp:term":[{"taxonomy":"category","embeddable":true,"href":"https:\/\/socialwatch.bj\/index.php?rest_route=%2Fwp%2Fv2%2Fcategories&post=4435"},{"taxonomy":"post_tag","embeddable":true,"href":"https:\/\/socialwatch.bj\/index.php?rest_route=%2Fwp%2Fv2%2Ftags&post=4435"}],"curies":[{"name":"wp","href":"https:\/\/api.w.org\/{rel}","templated":true}]}}