{"id":4437,"date":"2025-12-08T12:02:09","date_gmt":"2025-12-08T11:02:09","guid":{"rendered":"https:\/\/socialwatch.bj\/?p=4437"},"modified":"2025-12-08T12:15:29","modified_gmt":"2025-12-08T11:15:29","slug":"communique-de-presse-2","status":"publish","type":"post","link":"https:\/\/socialwatch.bj\/?p=4437","title":{"rendered":"Communiqu\u00e9 de presse"},"content":{"rendered":"<p>Le r\u00e9seau <strong>Social Watch B\u00e9nin<\/strong> exprime sa <strong>vive indignation<\/strong> et <strong>condamne avec la plus grande fermet\u00e9<\/strong> la tentative de coup d\u2019Etat survenue le 07 d\u00e9cembre 2025 au B\u00e9nin.<\/p>\n<p>En effet, depuis la <strong>Conf\u00e9rence nationale des forces vives de f\u00e9vrier 1990<\/strong>, notre pays a fait le choix historique de la d\u00e9mocratie. \u00c0 cette occasion, les forces arm\u00e9es ont pris un engagement solennel de<strong> retourner dans les casernes et de laisser le pouvoir civil conduire la destin\u00e9e du B\u00e9nin<\/strong>.<\/p>\n<p>Cet acquis fondamental ne saurait \u00eatre remis en cause.<\/p>\n<p>La d\u00e9mocratie n\u2019est certes pas un r\u00e9gime politique parfait, mais elle demeure le syst\u00e8me politique choisi par le Peuple b\u00e9ninois qui s\u2019oppose \u00e0 <em>\u00ab\u00a0toute tentative de renversement du r\u00e9gime constitutionnel par les personnels des Forces arm\u00e9es ou de S\u00e9curit\u00e9 publique\u00a0\u00bb<\/em>.<\/p>\n<p>Quels que soient donc les balbutiements de l\u2019exp\u00e9rience d\u00e9mocratique de notre pays, nos diff\u00e9rends ou d\u00e9sapprobations, il est inacceptable voire intol\u00e9rable de recourir aux armes pour acc\u00e9der au pouvoir. <strong>Le peuple b\u00e9ninois n\u2019a pas besoin d\u2019une aventure hasardeuse, incertaine et p\u00e9rilleuse pour son d\u00e9veloppement \u00e9conomique et social<\/strong>, mais plut\u00f4t de <strong>paix<\/strong>, de <strong>dialogue<\/strong>, de <strong>justice<\/strong>, de <strong>stabilit\u00e9 politique<\/strong>, du <strong>renforcement de l\u2019\u00c9tat de droit<\/strong>, et d\u2019une <strong>gouvernance fond\u00e9e sur des r\u00e8gles d\u00e9finies collectivement<\/strong>.<\/p>\n<p>Social Watch B\u00e9nin appelle tous les acteurs politiques, sociaux et militaires \u00e0 <strong>pr\u00e9server les acquis d\u00e9mocratiques<\/strong>, \u00e0 <strong>respecter la Constitution<\/strong>, et \u00e0 \u0153uvrer ensemble pour un B\u00e9nin uni, stable et prosp\u00e8re sur un socle solide\u00a0: la Paix.<\/p>\n<p>Il pr\u00e9sente ses <strong>condol\u00e9ances les plus sinc\u00e8res aux familles des victimes <\/strong>de ce coup de force et r\u00e9affirme son <strong>soutien aux institutions de la R\u00e9publique, \u00e0 la d\u00e9mocratie et \u00e0 la d\u00e9volution pacifique du pouvoir<\/strong>.<\/p>\n<p><strong>La d\u00e9mocratie est notre bien commun, et nous devons la d\u00e9fendre avec d\u00e9termination<\/strong>.<\/p>\n<p style=\"text-align: right;\"><strong>\u00a0<\/strong>Fait \u00e0 Cotonou, le 8 d\u00e9cembre 2025<\/p>\n<p style=\"text-align: right;\"><strong>Social Watch B\u00e9nin<\/strong><\/p>\n","protected":false},"excerpt":{"rendered":"<p>Le r\u00e9seau Social Watch B\u00e9nin exprime sa vive indignation et condamne avec la plus grande fermet\u00e9 la tentative de coup d\u2019Etat survenue le 07 d\u00e9cembre 2025 au B\u00e9nin. En effet, depuis la Conf\u00e9rence nationale des forces vives de f\u00e9vrier 1990, notre pays a fait le choix historique de la d\u00e9mocratie. \u00c0 cette occasion, les forces [&hellip;]<\/p>\n","protected":false},"author":1,"featured_media":658,"comment_status":"open","ping_status":"open","sticky":false,"template":"","format":"standard","meta":{"amp_status":"","footnotes":""},"categories":[34,46],"tags":[299,312,199,428,68,427],"class_list":{"0":"post-4437","1":"post","2":"type-post","3":"status-publish","4":"format-standard","5":"has-post-thumbnail","7":"category-activites","8":"category-democratie","9":"tag-benin","10":"tag-paix","11":"tag-cedeao","12":"tag-democratie","13":"tag-patrice-talon","14":"tag-tentative-de-coup-detat-au-benin"},"jetpack_featured_media_url":"https:\/\/socialwatch.bj\/wp-content\/uploads\/2019\/05\/drapeauB\u00e9nin.jpg","_links":{"self":[{"href":"https:\/\/socialwatch.bj\/index.php?rest_route=\/wp\/v2\/posts\/4437","targetHints":{"allow":["GET"]}}],"collection":[{"href":"https:\/\/socialwatch.bj\/index.php?rest_route=\/wp\/v2\/posts"}],"about":[{"href":"https:\/\/socialwatch.bj\/index.php?rest_route=\/wp\/v2\/types\/post"}],"author":[{"embeddable":true,"href":"https:\/\/socialwatch.bj\/index.php?rest_route=\/wp\/v2\/users\/1"}],"replies":[{"embeddable":true,"href":"https:\/\/socialwatch.bj\/index.php?rest_route=%2Fwp%2Fv2%2Fcomments&post=4437"}],"version-history":[{"count":3,"href":"https:\/\/socialwatch.bj\/index.php?rest_route=\/wp\/v2\/posts\/4437\/revisions"}],"predecessor-version":[{"id":4440,"href":"https:\/\/socialwatch.bj\/index.php?rest_route=\/wp\/v2\/posts\/4437\/revisions\/4440"}],"wp:featuredmedia":[{"embeddable":true,"href":"https:\/\/socialwatch.bj\/index.php?rest_route=\/wp\/v2\/media\/658"}],"wp:attachment":[{"href":"https:\/\/socialwatch.bj\/index.php?rest_route=%2Fwp%2Fv2%2Fmedia&parent=4437"}],"wp:term":[{"taxonomy":"category","embeddable":true,"href":"https:\/\/socialwatch.bj\/index.php?rest_route=%2Fwp%2Fv2%2Fcategories&post=4437"},{"taxonomy":"post_tag","embeddable":true,"href":"https:\/\/socialwatch.bj\/index.php?rest_route=%2Fwp%2Fv2%2Ftags&post=4437"}],"curies":[{"name":"wp","href":"https:\/\/api.w.org\/{rel}","templated":true}]}}