{"id":655,"date":"2019-05-03T23:55:29","date_gmt":"2019-05-03T21:55:29","guid":{"rendered":"https:\/\/socialwatch.bj\/?p=655"},"modified":"2019-05-04T11:12:58","modified_gmt":"2019-05-04T09:12:58","slug":"appel-a-un-dialogue-national-inclusif-pour-la-rehabilitation-de-la-democratie-beninoise","status":"publish","type":"post","link":"https:\/\/socialwatch.bj\/?p=655","title":{"rendered":"Appel \u00e0 un dialogue national inclusif pour la r\u00e9habilitation de la d\u00e9mocratie b\u00e9ninoise"},"content":{"rendered":"<p>Avec les derni\u00e8res\u00a0 \u00e9lections l\u00e9gislatives, le B\u00e9nin se retrouve\u00a0 une fois encore\u00a0 \u00e0 un carrefour de son histoire.<\/p>\n<blockquote><p>Il est question aujourd\u2019hui de choisir entre la voie du dialogue, de\u00a0 la r\u00e9habilitation de la d\u00e9mocratie et de la paix d\u2019une part,\u00a0 et\u00a0 la voie de l\u2019extr\u00e9misme,\u00a0 de l\u2019incertitude, et\u00a0 de l\u2019aventure d\u2019autres parts.<\/p><\/blockquote>\n<p>Sur d\u00e9cision de son Conseil d\u2019Administration en sa session du\u00a0 11 Avril 2019 et de son Assembl\u00e9e G\u00e9n\u00e9rale en sa session du\u00a0 12 Avril 2019,\u00a0 Social Watch B\u00e9nin\u00a0 avait pris\u00a0 <a href=\"https:\/\/socialwatch.bj\/?p=636\" target=\"_blank\" rel=\"noopener\">position\u00a0 contre les \u00e9lections l\u00e9gislatives non inclusives<\/a>.<\/p>\n<p>Pour Social Watch B\u00e9nin, les r\u00e9formes sont n\u00e9cessaires lorsqu\u2019elles permettent de\u00a0 passer de fa\u00e7on syst\u00e9mique et inclusive d\u2019un \u00e9tat d\u2019\u00eatre\u00a0 \u00e0 un \u00e9tat de mieux-\u00eatre. Lorsque ces r\u00e9formes portent sur des questions politiques \u00e9lectorales, la pratique n\u00e9e de la Conf\u00e9rence Nationale des Forces Vives de la Nation veut qu\u2019elles soient consensuelles et inclusives.<\/p>\n<p>C\u2019est pour cela que depuis les d\u00e9bats parlementaires sur les r\u00e9formes touchant \u00e0 la question des \u00e9lections, notamment en ce qui concerne la Charte des Partis Politiques et le Code Electoral, la Soci\u00e9t\u00e9 Civile en g\u00e9n\u00e9rale et Social Watch B\u00e9nin en particulier ont toujours insist\u00e9 sur la n\u00e9cessit\u00e9 de rendre consensuels et inclusifs les instruments et le processus qui devront gouverner l\u2019organisation des \u00e9lections.<\/p>\n<p>Aujourd\u2019hui, malgr\u00e9 tous les appels, le lobbying et la m\u00e9diation des organisations de la Soci\u00e9t\u00e9 Civile, de la CEDEAO, de l\u2019Union Africaine, et\u00a0 de la Communaut\u00e9 Internationale en g\u00e9n\u00e9rale, les derni\u00e8res \u00e9lections l\u00e9gislatives dont les r\u00e9sultats viennent d\u2019\u00eatre donn\u00e9s par la Cour Constitutionnelle, sont rest\u00e9es non inclusives\u00a0 et non d\u00e9mocratiques en excluant tous les partis de l\u2019opposition. En l\u2019\u00e9tat, le B\u00e9nin devient ainsi donc un pays avec un r\u00e9gime pr\u00e9sidentiel fort, et un parlement \u00e0 cent pour cent acquis \u00e0 la cause du Chef de l\u2019Etat. Un tel dispositif de gouvernance ne garantit pas la transparence dans la gestion des ressources\u00a0 publiques, augmente le risque du conflit d\u2019int\u00e9r\u00eats et renforce les frustrations au sein\u00a0 des\u00a0\u00a0 citoyens.<\/p>\n<p>Avec un taux d\u2019abstention record de plus de soixante-dix pour cent, le processus \u00e9lectoral creuse d\u2019avantage l\u2019\u00e9cart entre la l\u00e9galit\u00e9 et la l\u00e9gitimit\u00e9.<\/p>\n<p>Ainsi avec un parlement tr\u00e8s peu l\u00e9gitime et totalement acquis \u00e0 la cause de l\u2019Ex\u00e9cutif, il y a donc\u00a0 n\u00e9cessit\u00e9 d\u2019entrevoir des m\u00e9canismes consensuels susceptibles de rapprocher la l\u00e9galit\u00e9 de la l\u00e9gitimit\u00e9.<\/p>\n<p>Au regard de tout ce qui pr\u00e9c\u00e8de, le R\u00e9seau Social Watch B\u00e9nin, en tant qu\u2019organisation de Contr\u00f4le Citoyen de l\u2019Action Publique invite \u00e0 la paix, lance un appel urgent au Chef de l\u2019Etat, aux institutions de la R\u00e9publique, aux partis politiques, \u00e0 la Communaut\u00e9 Internationale et \u00e0 toutes les parties prenantes pour engager dans les meilleurs d\u00e9lais un dialogue national inclusif pour la r\u00e9habilitation de la d\u00e9mocratie b\u00e9ninoise. Ce dialogue\u00a0 doit permettre, en toute sinc\u00e9rit\u00e9 et dans un esprit de tol\u00e9rance r\u00e9ciproque, de diagnostiquer et d\u2019extirper de mani\u00e8re consensuelle\u00a0 tous les \u00e9l\u00e9ments crisog\u00e8nes et conflictog\u00e8nes contenus dans les dispositions l\u00e9gales.<\/p>\n<p>La conviction forte de Social Watch B\u00e9nin est que de nos faux-pas d\u2019aujourd\u2019hui, nous pourrions\u00a0 tirer le\u00e7ons, grandir et redevenir le mod\u00e8le d\u00e9mocratique tant appr\u00e9ci\u00e9 par le monde entier.<\/p>\n<p style=\"text-align: right;\">Fait \u00e0 Cotonou le 03 mai 2019<\/p>\n<p style=\"text-align: right;\"><strong>Pour le Conseil d\u2019Administration<\/strong><\/p>\n<p style=\"text-align: right;\"><strong>La Pr\u00e9sidente<\/strong><\/p>\n<p style=\"text-align: right;\"><strong>Blanche SONON<\/strong><\/p>\n<p>&nbsp;<\/p>\n<p>Voir le document original: <a href=\"https:\/\/socialwatch.bj\/wp-content\/uploads\/2019\/05\/Appel_Social_Watch_Benin_03Mai2019.pdf\" target=\"_blank\" rel=\"noopener\">T\u00e9l\u00e9charger<\/a><\/p>\n","protected":false},"excerpt":{"rendered":"<p>Avec les derni\u00e8res\u00a0 \u00e9lections l\u00e9gislatives, le B\u00e9nin se retrouve\u00a0 une fois encore\u00a0 \u00e0 un carrefour de son histoire. Il est question aujourd\u2019hui de choisir entre la voie du dialogue, de\u00a0 la r\u00e9habilitation de la d\u00e9mocratie et de la paix d\u2019une part,\u00a0 et\u00a0 la voie de l\u2019extr\u00e9misme,\u00a0 de l\u2019incertitude, et\u00a0 de l\u2019aventure d\u2019autres parts. Sur d\u00e9cision [&hellip;]<\/p>\n","protected":false},"author":1,"featured_media":658,"comment_status":"open","ping_status":"open","sticky":false,"template":"","format":"standard","meta":{"amp_status":"","footnotes":""},"categories":[46],"tags":[41,53,60,40,59],"class_list":{"0":"post-655","1":"post","2":"type-post","3":"status-publish","4":"format-standard","5":"has-post-thumbnail","7":"category-democratie","8":"tag-blanche-sonon","9":"tag-legislatives-2019","10":"tag-paix-sur-le-benin","11":"tag-social-watch-benin","12":"tag-violences-post-electorale"},"jetpack_featured_media_url":"https:\/\/socialwatch.bj\/wp-content\/uploads\/2019\/05\/drapeauB\u00e9nin.jpg","_links":{"self":[{"href":"https:\/\/socialwatch.bj\/index.php?rest_route=\/wp\/v2\/posts\/655","targetHints":{"allow":["GET"]}}],"collection":[{"href":"https:\/\/socialwatch.bj\/index.php?rest_route=\/wp\/v2\/posts"}],"about":[{"href":"https:\/\/socialwatch.bj\/index.php?rest_route=\/wp\/v2\/types\/post"}],"author":[{"embeddable":true,"href":"https:\/\/socialwatch.bj\/index.php?rest_route=\/wp\/v2\/users\/1"}],"replies":[{"embeddable":true,"href":"https:\/\/socialwatch.bj\/index.php?rest_route=%2Fwp%2Fv2%2Fcomments&post=655"}],"version-history":[{"count":6,"href":"https:\/\/socialwatch.bj\/index.php?rest_route=\/wp\/v2\/posts\/655\/revisions"}],"predecessor-version":[{"id":665,"href":"https:\/\/socialwatch.bj\/index.php?rest_route=\/wp\/v2\/posts\/655\/revisions\/665"}],"wp:featuredmedia":[{"embeddable":true,"href":"https:\/\/socialwatch.bj\/index.php?rest_route=\/wp\/v2\/media\/658"}],"wp:attachment":[{"href":"https:\/\/socialwatch.bj\/index.php?rest_route=%2Fwp%2Fv2%2Fmedia&parent=655"}],"wp:term":[{"taxonomy":"category","embeddable":true,"href":"https:\/\/socialwatch.bj\/index.php?rest_route=%2Fwp%2Fv2%2Fcategories&post=655"},{"taxonomy":"post_tag","embeddable":true,"href":"https:\/\/socialwatch.bj\/index.php?rest_route=%2Fwp%2Fv2%2Ftags&post=655"}],"curies":[{"name":"wp","href":"https:\/\/api.w.org\/{rel}","templated":true}]}}