{"id":666,"date":"2019-05-06T22:30:51","date_gmt":"2019-05-06T20:30:51","guid":{"rendered":"https:\/\/socialwatch.bj\/?p=666"},"modified":"2019-05-08T18:14:13","modified_gmt":"2019-05-08T16:14:13","slug":"appel-a-candidatures","status":"publish","type":"post","link":"https:\/\/socialwatch.bj\/?p=666","title":{"rendered":"Appel \u00e0 candidatures"},"content":{"rendered":"<p>Dans le cadre du partenariat avec la Section Politiques Sociales de l\u2019Unicef dans les domaines des budgets sensibles aux enfants, de la redevabilit\u00e9 et de la participation des communaut\u00e9s au processus de d\u00e9veloppement, Social Watch B\u00e9nin cherche \u00e0 recruter un consultant national charg\u00e9 (e) de l\u2019\u00e9laboration du rapport alternatif de la soci\u00e9t\u00e9 civile sur la mise en \u0153uvre du PC2D et les d\u00e9penses sociales prioritaires inscrits au budget 2019.<\/p>\n<p>Plus de d\u00e9tails dans le document d&#8217;appel: <a href=\"https:\/\/socialwatch.bj\/wp-content\/uploads\/2019\/05\/Appel_candidatures_consultant_rapport_alternatif_PCD.pdf\" target=\"_blank\" rel=\"noopener\">T\u00e9l\u00e9charger<\/a><\/p>\n<p>Les dossiers de candidature complets, comportant les pi\u00e8ces requises peuvent \u00eatre d\u00e9pos\u00e9s sous plis ferm\u00e9s avec la mention \u00ab Recrutement de consultant pour l&#8217;\u00e9laboration du Rapport Alternatif de la Soci\u00e9t\u00e9 Civile sur la Mise en Oeuvre du PC2D\u00a0 \u00bb, au secr\u00e9tariat de Social Watch B\u00e9nin sis \u00e0 l\u2019immeuble IBIKUNLE Latif \u00e0 100 m en rentrant dans la rue entre la Station DOVONOU et l\u2019Eglise des Assembl\u00e9es de Dieu \u2010 C\/487 \u2010 Quartier J\u00e9richo, Cotonou \u2013 03 BP 2065 \u2010 T\u00e9l. : 21.04.20.12 \/ 67088098, ou par mail sur l&#8217;adresse contact@socialwatch.bj au plus tard le lundi 13 mai 2019 \u00e0 17h00mn (heures du B\u00e9nin).<\/p>\n<p>&nbsp;<\/p>\n<p>&nbsp;<\/p>\n<p>&nbsp;<\/p>\n","protected":false},"excerpt":{"rendered":"<p>Dans le cadre du partenariat avec la Section Politiques Sociales de l\u2019Unicef dans les domaines des budgets sensibles aux enfants, de la redevabilit\u00e9 et de la participation des communaut\u00e9s au processus de d\u00e9veloppement, Social Watch B\u00e9nin cherche \u00e0 recruter un consultant national charg\u00e9 (e) de l\u2019\u00e9laboration du rapport alternatif de la soci\u00e9t\u00e9 civile sur la [&hellip;]<\/p>\n","protected":false},"author":1,"featured_media":353,"comment_status":"open","ping_status":"open","sticky":false,"template":"","format":"standard","meta":{"amp_status":"","footnotes":""},"categories":[36,63],"tags":[62,58,61],"class_list":{"0":"post-666","1":"post","2":"type-post","3":"status-publish","4":"format-standard","5":"has-post-thumbnail","7":"category-opportunites","8":"category-unicef","9":"tag-pc2d","10":"tag-recrutement-social-watch-benin","11":"tag-unicef"},"jetpack_featured_media_url":"https:\/\/socialwatch.bj\/wp-content\/uploads\/2019\/01\/OPPORTSWB.png","_links":{"self":[{"href":"https:\/\/socialwatch.bj\/index.php?rest_route=\/wp\/v2\/posts\/666","targetHints":{"allow":["GET"]}}],"collection":[{"href":"https:\/\/socialwatch.bj\/index.php?rest_route=\/wp\/v2\/posts"}],"about":[{"href":"https:\/\/socialwatch.bj\/index.php?rest_route=\/wp\/v2\/types\/post"}],"author":[{"embeddable":true,"href":"https:\/\/socialwatch.bj\/index.php?rest_route=\/wp\/v2\/users\/1"}],"replies":[{"embeddable":true,"href":"https:\/\/socialwatch.bj\/index.php?rest_route=%2Fwp%2Fv2%2Fcomments&post=666"}],"version-history":[{"count":6,"href":"https:\/\/socialwatch.bj\/index.php?rest_route=\/wp\/v2\/posts\/666\/revisions"}],"predecessor-version":[{"id":673,"href":"https:\/\/socialwatch.bj\/index.php?rest_route=\/wp\/v2\/posts\/666\/revisions\/673"}],"wp:featuredmedia":[{"embeddable":true,"href":"https:\/\/socialwatch.bj\/index.php?rest_route=\/wp\/v2\/media\/353"}],"wp:attachment":[{"href":"https:\/\/socialwatch.bj\/index.php?rest_route=%2Fwp%2Fv2%2Fmedia&parent=666"}],"wp:term":[{"taxonomy":"category","embeddable":true,"href":"https:\/\/socialwatch.bj\/index.php?rest_route=%2Fwp%2Fv2%2Fcategories&post=666"},{"taxonomy":"post_tag","embeddable":true,"href":"https:\/\/socialwatch.bj\/index.php?rest_route=%2Fwp%2Fv2%2Ftags&post=666"}],"curies":[{"name":"wp","href":"https:\/\/api.w.org\/{rel}","templated":true}]}}