{"id":676,"date":"2019-05-08T20:21:50","date_gmt":"2019-05-08T18:21:50","guid":{"rendered":"https:\/\/socialwatch.bj\/?p=676"},"modified":"2019-05-10T12:33:40","modified_gmt":"2019-05-10T10:33:40","slug":"recruter-un-consultant-pour-faire-letat-des-lieux-du-fonctionnement-des-acep-et-cpc","status":"publish","type":"post","link":"https:\/\/socialwatch.bj\/?p=676","title":{"rendered":"Recrutement d&#8217;un consultant pour faire l\u2019etat des lieux du fonctionnement des acep et cpc"},"content":{"rendered":"<p>Le Gouvernement du B\u00e9nin, dans le cadre de son programme d\u2019action visant \u00e0 relancer de mani\u00e8re durable, le d\u00e9veloppement \u00e9conomique et social du pays, a accord\u00e9 une place de choix aux projets\/programmes du secteur de l\u2019eau, en vue d\u2019assurer l\u2019acc\u00e8s universel \u00a0\u00e0 l\u2019eau potable aux populations b\u00e9ninoises \u00e0 l\u2019horizon 2021. Ainsi, la bonne gouvernance de ces projets\/programmes n\u00e9cessite le suivi, non seulement des acteurs publics mais aussi des acteurs de la soci\u00e9t\u00e9 civile, notamment des CPC et ACEP qui sont sp\u00e9cialis\u00e9es dans le suivi citoyen des politiques publiques mises en \u0153uvre au niveau local.<\/p>\n<p>Malgr\u00e9 le r\u00f4le combien important que jouent les ACEP et CPC dans le suivi de la gestion des ressources \u00a0du secteur de l\u2019eau, des difficult\u00e9s subsistent pour un meilleur exercice de contr\u00f4le citoyen du \u00a0Service Public de l&#8217;Eau potable (SPE).<\/p>\n<p>Pour ce faire, la pr\u00e9sente activit\u00e9 se propose de r\u00e9aliser une \u00e9tude diagnostique sur le mode de fonctionnement des ACEP et des CPC afin de capitaliser les pratiques existantes pour en retenir les options durables pour leur fonctionnement, le financement et les interventions.<\/p>\n<p>A cet effet, le programme \u00ab\u00a0<strong>Volet Gouvernance OmiDelta Fonds\/ANE<\/strong> \u00bb, financ\u00e9 par l\u2019Ambassade des Pays-Bas et la SNV, envisage de conduire une \u00e9tude permettant de faire l\u2019analyse des Forces, Faiblesses, Opportunit\u00e9s et Menaces des ACEP et CPC et d\u2019identifier les points de synergie d\u2019action entre ACEP et CPC pour une efficacit\u00e9 des actions dans la mise \u0153uvre du programme.<\/p>\n<p>Plus de d\u00e9tails dans le document d\u2019appel: <a href=\"https:\/\/socialwatch.bj\/wp-content\/uploads\/2019\/05\/Tdr_Etat_lieux.pdf\">T\u00e9l\u00e9charger<\/a><\/p>\n<p>Les dossiers de candidature complets, comportant les pi\u00e8ces requises peuvent \u00eatre d\u00e9pos\u00e9s:<\/p>\n<ul>\n<li>sous plis ferm\u00e9s avec la mention \u00ab consultant pour faire l\u2019etat des lieux du fonctionnement des acep et cpc \u00bb, au secr\u00e9tariat de Social Watch B\u00e9nin sis \u00e0 l\u2019immeuble IBIKUNLE Latif \u00e0 100 m en rentrant dans la rue entre la Station DOVONOU et l\u2019Eglise des Assembl\u00e9es de Dieu \u2010 C\/487 \u2010 Quartier J\u00e9richo, Cotonou \u2013 03 BP 2065 \u2010 T\u00e9l. : 21.04.20.12 \/ 67088098,<\/li>\n<li>ou par mail sur l\u2019adresse contact@socialwatch.bj<\/li>\n<\/ul>\n<p><strong>au plus tard le Jeudi 16 mai 2019 \u00e0 12h00mn (heures du B\u00e9nin).<\/strong><\/p>\n<p>&nbsp;<\/p>\n","protected":false},"excerpt":{"rendered":"<p>Le Gouvernement du B\u00e9nin, dans le cadre de son programme d\u2019action visant \u00e0 relancer de mani\u00e8re durable, le d\u00e9veloppement \u00e9conomique et social du pays, a accord\u00e9 une place de choix aux projets\/programmes du secteur de l\u2019eau, en vue d\u2019assurer l\u2019acc\u00e8s universel \u00a0\u00e0 l\u2019eau potable aux populations b\u00e9ninoises \u00e0 l\u2019horizon 2021. Ainsi, la bonne gouvernance de [&hellip;]<\/p>\n","protected":false},"author":1,"featured_media":353,"comment_status":"open","ping_status":"open","sticky":false,"template":"","format":"standard","meta":{"amp_status":"","footnotes":""},"categories":[34,64,36],"tags":[65,66],"class_list":{"0":"post-676","1":"post","2":"type-post","3":"status-publish","4":"format-standard","5":"has-post-thumbnail","7":"category-activites","8":"category-omidelta","9":"category-opportunites","10":"tag-omidelta","11":"tag-volet-gouvernance-omidelta-fonds-ane"},"jetpack_featured_media_url":"https:\/\/socialwatch.bj\/wp-content\/uploads\/2019\/01\/OPPORTSWB.png","_links":{"self":[{"href":"https:\/\/socialwatch.bj\/index.php?rest_route=\/wp\/v2\/posts\/676","targetHints":{"allow":["GET"]}}],"collection":[{"href":"https:\/\/socialwatch.bj\/index.php?rest_route=\/wp\/v2\/posts"}],"about":[{"href":"https:\/\/socialwatch.bj\/index.php?rest_route=\/wp\/v2\/types\/post"}],"author":[{"embeddable":true,"href":"https:\/\/socialwatch.bj\/index.php?rest_route=\/wp\/v2\/users\/1"}],"replies":[{"embeddable":true,"href":"https:\/\/socialwatch.bj\/index.php?rest_route=%2Fwp%2Fv2%2Fcomments&post=676"}],"version-history":[{"count":5,"href":"https:\/\/socialwatch.bj\/index.php?rest_route=\/wp\/v2\/posts\/676\/revisions"}],"predecessor-version":[{"id":690,"href":"https:\/\/socialwatch.bj\/index.php?rest_route=\/wp\/v2\/posts\/676\/revisions\/690"}],"wp:featuredmedia":[{"embeddable":true,"href":"https:\/\/socialwatch.bj\/index.php?rest_route=\/wp\/v2\/media\/353"}],"wp:attachment":[{"href":"https:\/\/socialwatch.bj\/index.php?rest_route=%2Fwp%2Fv2%2Fmedia&parent=676"}],"wp:term":[{"taxonomy":"category","embeddable":true,"href":"https:\/\/socialwatch.bj\/index.php?rest_route=%2Fwp%2Fv2%2Fcategories&post=676"},{"taxonomy":"post_tag","embeddable":true,"href":"https:\/\/socialwatch.bj\/index.php?rest_route=%2Fwp%2Fv2%2Ftags&post=676"}],"curies":[{"name":"wp","href":"https:\/\/api.w.org\/{rel}","templated":true}]}}