{"id":679,"date":"2019-05-08T21:50:18","date_gmt":"2019-05-08T19:50:18","guid":{"rendered":"https:\/\/socialwatch.bj\/?p=679"},"modified":"2019-05-20T13:18:04","modified_gmt":"2019-05-20T11:18:04","slug":"recrutement-dun-consultant-pour-lintegration-des-modules-specifiques-au-secteur-de-leau-sur-lune-des-applications-de-social-watch-benin-pour-la-gestion-de-plaintes","status":"publish","type":"post","link":"https:\/\/socialwatch.bj\/?p=679","title":{"rendered":"Recrutement d\u2019un consultant pour l\u2019integration des modules specifiques au secteur de l\u2019eau sur l\u2019une des Civil-Tech du r\u00e9seau"},"content":{"rendered":"<p>Le processus de d\u00e9centralisation dont les principaux enjeux sont l\u2019approfondissement de la d\u00e9mocratie participative, le d\u00e9veloppement \u00e0 la base et la gouvernance locale, se construit \u00e0 travers une veille active des citoyens autour de la gestion des affaires publiques.<\/p>\n<p>La promotion du contr\u00f4le citoyen serait plus efficace si les Organisations de la Soci\u00e9t\u00e9 Civile saisissaient les opportunit\u00e9s qu\u2019offre le d\u00e9veloppement de la technologie. L\u2019apparition de l\u2019internet et des nouveaux m\u00e9dias qui permettent des \u00e9changes d\u2019information de mani\u00e8re instantan\u00e9e de part le monde constituent une avanc\u00e9e importante de ce d\u00e9veloppement. L\u2019ensemble des usages li\u00e9s \u00e0 ce d\u00e9veloppement est d\u00e9sign\u00e9 aujourd\u2019hui sous les termes de num\u00e9rique ou de technologies de l\u2019information et de la communication. Les technologies de l\u2019information et de la communication ont transform\u00e9 tous les secteurs de la vie, notamment le travail, et permettent des gains de temps incroyables. L\u2019adaptation des organisations \u00e0 cette \u00e9volution num\u00e9rique est connue sous le terme de digitalisation. Ainsi, on parle <em>d\u2019e-administration<\/em>, d\u2019<em>e-gouvernance<\/em>, de <em>Civil-Tech<\/em>, etc.<\/p>\n<p>Le Programme \u00ab\u00a0Volet Gouvernance du Programme OmiDelta Fonds\/ANE\u00a0\u00bb financ\u00e9 par l\u2019Ambassade des Pays-Bas et SNV voudra profiter de cette tendance pour rendre la veille citoyenne plus instantan\u00e9e sur les \u00e9changes d\u2019information relatifs aux plaintes et interpellations dans le secteur de l\u2019eau.<\/p>\n<p>Plus de d\u00e9tails dans le document d\u2019appel: <a href=\"https:\/\/socialwatch.bj\/wp-content\/uploads\/2019\/05\/TDR_PlateformeOMIDELTA.pdf\" target=\"_blank\" rel=\"noopener\">T\u00e9l\u00e9charger<\/a><\/p>\n<p>Les dossiers de candidature complets, comportant les pi\u00e8ces requises peuvent \u00eatre d\u00e9pos\u00e9s:<\/p>\n<ul>\n<li>sous plis ferm\u00e9s avec la mention \u00ab consultation pour l\u2019int\u00e9gration de modules specifiques au secteur de l\u2019eau \u00e0 l\u2019une des Civil-Tech de Social Watch B\u00e9nin \u00bb, au secr\u00e9tariat de Social Watch B\u00e9nin sis \u00e0 l\u2019immeuble IBIKUNLE Latif \u00e0 100 m en rentrant dans la rue entre la Station DOVONOU et l\u2019Eglise des Assembl\u00e9es de Dieu \u2010 C\/487 \u2010 Quartier J\u00e9richo, Cotonou \u2013 03 BP 2065 \u2010 T\u00e9l. : 21.04.20.12 \/ 67088098,<\/li>\n<li>ou par mail sur l\u2019adresse contact@socialwatch.bj<\/li>\n<\/ul>\n<p><strong>au plus tard le Jeudi 16 mai 2019 \u00e0 12h00mn (heures du B\u00e9nin).<\/strong><\/p>\n","protected":false},"excerpt":{"rendered":"<p>Le processus de d\u00e9centralisation dont les principaux enjeux sont l\u2019approfondissement de la d\u00e9mocratie participative, le d\u00e9veloppement \u00e0 la base et la gouvernance locale, se construit \u00e0 travers une veille active des citoyens autour de la gestion des affaires publiques. La promotion du contr\u00f4le citoyen serait plus efficace si les Organisations de la Soci\u00e9t\u00e9 Civile saisissaient [&hellip;]<\/p>\n","protected":false},"author":1,"featured_media":353,"comment_status":"open","ping_status":"open","sticky":false,"template":"","format":"standard","meta":{"amp_status":"","footnotes":""},"categories":[34,64,36],"tags":[65,40,66],"class_list":{"0":"post-679","1":"post","2":"type-post","3":"status-publish","4":"format-standard","5":"has-post-thumbnail","7":"category-activites","8":"category-omidelta","9":"category-opportunites","10":"tag-omidelta","11":"tag-social-watch-benin","12":"tag-volet-gouvernance-omidelta-fonds-ane"},"jetpack_featured_media_url":"https:\/\/socialwatch.bj\/wp-content\/uploads\/2019\/01\/OPPORTSWB.png","_links":{"self":[{"href":"https:\/\/socialwatch.bj\/index.php?rest_route=\/wp\/v2\/posts\/679","targetHints":{"allow":["GET"]}}],"collection":[{"href":"https:\/\/socialwatch.bj\/index.php?rest_route=\/wp\/v2\/posts"}],"about":[{"href":"https:\/\/socialwatch.bj\/index.php?rest_route=\/wp\/v2\/types\/post"}],"author":[{"embeddable":true,"href":"https:\/\/socialwatch.bj\/index.php?rest_route=\/wp\/v2\/users\/1"}],"replies":[{"embeddable":true,"href":"https:\/\/socialwatch.bj\/index.php?rest_route=%2Fwp%2Fv2%2Fcomments&post=679"}],"version-history":[{"count":7,"href":"https:\/\/socialwatch.bj\/index.php?rest_route=\/wp\/v2\/posts\/679\/revisions"}],"predecessor-version":[{"id":692,"href":"https:\/\/socialwatch.bj\/index.php?rest_route=\/wp\/v2\/posts\/679\/revisions\/692"}],"wp:featuredmedia":[{"embeddable":true,"href":"https:\/\/socialwatch.bj\/index.php?rest_route=\/wp\/v2\/media\/353"}],"wp:attachment":[{"href":"https:\/\/socialwatch.bj\/index.php?rest_route=%2Fwp%2Fv2%2Fmedia&parent=679"}],"wp:term":[{"taxonomy":"category","embeddable":true,"href":"https:\/\/socialwatch.bj\/index.php?rest_route=%2Fwp%2Fv2%2Fcategories&post=679"},{"taxonomy":"post_tag","embeddable":true,"href":"https:\/\/socialwatch.bj\/index.php?rest_route=%2Fwp%2Fv2%2Ftags&post=679"}],"curies":[{"name":"wp","href":"https:\/\/api.w.org\/{rel}","templated":true}]}}