{"id":693,"date":"2019-05-21T16:50:11","date_gmt":"2019-05-21T14:50:11","guid":{"rendered":"https:\/\/socialwatch.bj\/?p=693"},"modified":"2019-05-22T12:23:36","modified_gmt":"2019-05-22T10:23:36","slug":"synergie-daction-avec-les-ministeres-pour-la-mise-en-oeuvre-des-actions-prioritaires-2019-des-pa-sni","status":"publish","type":"post","link":"https:\/\/socialwatch.bj\/?p=693","title":{"rendered":"Synergie d&#8217;action avec les minist\u00e8res pour la mise en oeuvre des actions prioritaires 2019 des PA SNI"},"content":{"rendered":"<p>Social Watch B\u00e9nin a organis\u00e9 ce mardi 21 mai 2019, dans la salle de conf\u00e9rence du Minist\u00e8re de l&#8217;Economie et des Finances, un atelier d&#8217;appropriation des actions prioritaires 2019 des Plans d&#8217;Actions (PA) du Syst\u00e8me National d\u2019Int\u00e9grit\u00e9(SNI) des minist\u00e8res cibles du Programme Redevabilit\u00e9. Le Minist\u00e8re de la Sant\u00e9, le Minist\u00e8re des Enseignements Maternel et Primaire, le Minist\u00e8re des Affaires Sociales et de la Microfinance, le Minist\u00e8re de l&#8217;Eau et des Mines et le Minist\u00e8re de l&#8217;Economie et des Finances \u00e9taient repr\u00e9sent\u00e9s \u00e0 cet atelier. L&#8217; objectif de l&#8217;activit\u00e9 est de contribuer au renforcement de la transparence et de l&#8217;int\u00e9grit\u00e9 des minist\u00e8res en charge des services sociaux de base. De fa\u00e7on sp\u00e9cifique, l&#8217;atelier vise \u00e0 s&#8217;approprier les priorit\u00e9s 2019 des plans d&#8217;actions SNI des minist\u00e8res cible, d\u00e9finir les niveaux de synergie entre les minist\u00e8res et Social Watch B\u00e9nin dans la mise en oeuvre des plans<br \/>\nsectoriels d&#8217;int\u00e9grit\u00e9 des minist\u00e8res cibles. Signalons que le repr\u00e9sentant du minist\u00e8re de l&#8217;Economie et des Finances, a recommand\u00e9 l&#8217;instauration dans les Minist\u00e8res, d&#8217;un processus de budg\u00e9tisation sensible \u00e0 l\u2019int\u00e9grit\u00e9 afin que, les minist\u00e8res puissent disposer des ressources pour la mise en oeuvre des recommandations du SNI. Mais en attendant, Social Watch B\u00e9nin s&#8217;est engag\u00e9 gr\u00e2ce \u00e0 l&#8217;appui du Programme Redevabilit\u00e9 depuis quelques temps dans le suivi et l\u2019accompagnement des minist\u00e8res cibles dans le suivi et la mise en oeuvre des recommandations du SNI.<\/p>\n","protected":false},"excerpt":{"rendered":"<p>Social Watch B\u00e9nin a organis\u00e9 ce mardi 21 mai 2019, dans la salle de conf\u00e9rence du Minist\u00e8re de l&#8217;Economie et des Finances, un atelier d&#8217;appropriation des actions prioritaires 2019 des Plans d&#8217;Actions (PA) du Syst\u00e8me National d\u2019Int\u00e9grit\u00e9(SNI) des minist\u00e8res cibles du Programme Redevabilit\u00e9. Le Minist\u00e8re de la Sant\u00e9, le Minist\u00e8re des Enseignements Maternel et Primaire, [&hellip;]<\/p>\n","protected":false},"author":1,"featured_media":695,"comment_status":"open","ping_status":"open","sticky":false,"template":"","format":"standard","meta":{"amp_status":"","footnotes":""},"categories":[34],"tags":[],"class_list":{"0":"post-693","1":"post","2":"type-post","3":"status-publish","4":"format-standard","5":"has-post-thumbnail","7":"category-activites"},"jetpack_featured_media_url":"https:\/\/socialwatch.bj\/wp-content\/uploads\/2019\/05\/Atelier-Finance-SNI.jpeg","_links":{"self":[{"href":"https:\/\/socialwatch.bj\/index.php?rest_route=\/wp\/v2\/posts\/693","targetHints":{"allow":["GET"]}}],"collection":[{"href":"https:\/\/socialwatch.bj\/index.php?rest_route=\/wp\/v2\/posts"}],"about":[{"href":"https:\/\/socialwatch.bj\/index.php?rest_route=\/wp\/v2\/types\/post"}],"author":[{"embeddable":true,"href":"https:\/\/socialwatch.bj\/index.php?rest_route=\/wp\/v2\/users\/1"}],"replies":[{"embeddable":true,"href":"https:\/\/socialwatch.bj\/index.php?rest_route=%2Fwp%2Fv2%2Fcomments&post=693"}],"version-history":[{"count":1,"href":"https:\/\/socialwatch.bj\/index.php?rest_route=\/wp\/v2\/posts\/693\/revisions"}],"predecessor-version":[{"id":694,"href":"https:\/\/socialwatch.bj\/index.php?rest_route=\/wp\/v2\/posts\/693\/revisions\/694"}],"wp:featuredmedia":[{"embeddable":true,"href":"https:\/\/socialwatch.bj\/index.php?rest_route=\/wp\/v2\/media\/695"}],"wp:attachment":[{"href":"https:\/\/socialwatch.bj\/index.php?rest_route=%2Fwp%2Fv2%2Fmedia&parent=693"}],"wp:term":[{"taxonomy":"category","embeddable":true,"href":"https:\/\/socialwatch.bj\/index.php?rest_route=%2Fwp%2Fv2%2Fcategories&post=693"},{"taxonomy":"post_tag","embeddable":true,"href":"https:\/\/socialwatch.bj\/index.php?rest_route=%2Fwp%2Fv2%2Ftags&post=693"}],"curies":[{"name":"wp","href":"https:\/\/api.w.org\/{rel}","templated":true}]}}