{"id":700,"date":"2019-06-17T21:02:11","date_gmt":"2019-06-17T19:02:11","guid":{"rendered":"https:\/\/socialwatch.bj\/?p=700"},"modified":"2019-06-24T12:28:03","modified_gmt":"2019-06-24T10:28:03","slug":"declaration-de-social-watch-sur-la-crise-postelectorale-en-republique-du-benin-necessite-dun-dialogue-sincere-et-de-reconciliation-nationale","status":"publish","type":"post","link":"https:\/\/socialwatch.bj\/?p=700","title":{"rendered":"Crise post\u00e9lectorale en R\u00e9publique  du B\u00e9nin: n\u00e9cessit\u00e9 d\u2019un dialogue sinc\u00e8re et de r\u00e9conciliation nationale"},"content":{"rendered":"<p>La situation sociale de notre pays est marqu\u00e9e depuis le 8 juin 2019, par la r\u00e9surgence d\u2019affrontements violents, avec des pertes en vies humaines \u00a0dans les communes de Tchaourou et de Sav\u00e8. Cette tension serait due aux interpellations en rapport avec les soul\u00e8vements populaires de contestation du processus des \u00e9lections l\u00e9gislatives du 28 avril 2019 d\u2019une part, et \u00e0 l\u2019assignation \u00e0 domicile de l\u2019ancien Chef de l\u2019Etat Boni Yayi d\u2019autre part.<\/p>\n<p>Depuis la Conf\u00e9rence des Forces Vives de la Nation de f\u00e9vrier 1990, c\u2019est la premi\u00e8re fois que notre pays est confront\u00e9 \u00e0 une telle crise post\u00e9lectorale qui a fait couler beaucoup de sang.<\/p>\n<p>Le R\u00e9seau Social Watch B\u00e9nin pr\u00e9sente ses condol\u00e9ances aux familles des victimes des violences du 1<sup>er<\/sup> au 2 mai 2019 \u00e0 Cotonou, et de la semaine derni\u00e8re \u00e0 Tchaourou et Sav\u00e8.<\/p>\n<p>Le B\u00e9nin reconnu comme mod\u00e8le de d\u00e9mocratie et de paix, ne serait-il pas en train de payer un lourd tribut \u00e0 des \u00e9lections dont le taux d\u2019abstention historique de plus de 70% n\u2019est que l\u2019expression d\u2019un rejet populaire\u00a0?<\/p>\n<p>Mais pouvait-il en \u00eatre autrement face \u00e0 un processus \u00e9lectoral d\u2019exclusion avec des lois dont les insuffisances ont \u00e9t\u00e9 relev\u00e9es par la soci\u00e9t\u00e9 civile, la classe politique elle-m\u00eame y compris, le Pr\u00e9sident de la R\u00e9publique et toute la communaut\u00e9 internationale (CEDEAO, Union Africaine, Nations-Unies)\u00a0?<\/p>\n<p>Le B\u00e9nin aurait pu faire l\u2019\u00e9conomie des pertes en vies humaines et des nombreux d\u00e9g\u00e2ts mat\u00e9riels si les appels \u00e0 des \u00e9lections inclusives et apais\u00e9es avaient \u00e9t\u00e9 entendus par nos dirigeants.<\/p>\n<p>A l\u2019\u00e9tape actuelle de la crise post\u00e9lectorale, <strong><em>il importe tr\u00e8s peu<\/em><\/strong> comme l\u2019a dit le Chef de l\u2019Etat dans son adresse \u00e0 la Nation le 20 mai 2019, <strong><em>de chercher \u00e0 savoir qui a raison ou qui a tort<\/em><\/strong>, les responsabilit\u00e9s \u00e9tant partag\u00e9es entre le l\u00e9gislatif, l\u2019ex\u00e9cutif, le judiciaire et les acteurs politiques. L\u2019essentiel aujourd\u2019hui est de mettre fin au cycle infernal de violences par un engagement r\u00e9solu et sinc\u00e8re de tous les protagonistes dans la recherche de solutions pacifiques durables, avec humilit\u00e9, abn\u00e9gation et amour de la patrie.<\/p>\n<p>Les B\u00e9ninoises et B\u00e9ninois attendent des gages de bonne foi et la concr\u00e9tisation de l\u2019engagement du Chef de l\u2019Etat pour <strong><em>des \u00e9changes directs, francs<\/em><\/strong> <strong><em>et constructifs avec toute la classe politique au profit de notre bien commun, le B\u00e9nin.<\/em><\/strong><\/p>\n<p>Au vu du contexte de violences, Social Watch B\u00e9nin\u00a0:<\/p>\n<ul>\n<li>invite le gouvernement \u00e0 expliquer aux populations, les raisons de l\u2019assignation \u00e0 domicile de l\u2019ancien Chef de l\u2019Etat Boni Yayi\u00a0;<\/li>\n<li>exhorte tous <strong>les acteurs de notre pays \u00e0 renouer avec les principaux acquis de l\u2019historique Conf\u00e9rence des Forces vives de la Nation<\/strong> comme l\u2019a recommand\u00e9 la Conf\u00e9rence Episcopale du B\u00e9nin\u00a0;<\/li>\n<li>r\u00e9it\u00e8re son appel \u00e0 un dialogue national inclusif pour la pr\u00e9servation de la paix durable et de l\u2019unit\u00e9 nationale.<\/li>\n<\/ul>\n<p>&nbsp;<\/p>\n<p>Vive la d\u00e9mocratie\u00a0!<\/p>\n<p>Vive le B\u00e9nin\u00a0!<\/p>\n<p>&nbsp;<\/p>\n<p style=\"text-align: center;\"><strong><u>Blanche SONON<\/u><\/strong><\/p>\n<p style=\"text-align: center;\"><em>Pr\u00e9sidente du Conseil d\u2019Administration<\/em><\/p>\n<p>&nbsp;<\/p>\n<p style=\"text-align: right;\"><a href=\"https:\/\/socialwatch.bj\/wp-content\/uploads\/2019\/06\/DeclarationFINALESWB-17062019.pdf\" target=\"_blank\" rel=\"noopener\">T\u00e9l\u00e9charger l&#8217;origine<\/a><\/p>\n","protected":false},"excerpt":{"rendered":"<p>La situation sociale de notre pays est marqu\u00e9e depuis le 8 juin 2019, par la r\u00e9surgence d\u2019affrontements violents, avec des pertes en vies humaines \u00a0dans les communes de Tchaourou et de Sav\u00e8. Cette tension serait due aux interpellations en rapport avec les soul\u00e8vements populaires de contestation du processus des \u00e9lections l\u00e9gislatives du 28 avril 2019 [&hellip;]<\/p>\n","protected":false},"author":1,"featured_media":701,"comment_status":"open","ping_status":"open","sticky":false,"template":"","format":"video","meta":{"amp_status":"","footnotes":""},"categories":[46],"tags":[67,53,60,68],"class_list":{"0":"post-700","1":"post","2":"type-post","3":"status-publish","4":"format-video","5":"has-post-thumbnail","7":"category-democratie","8":"tag-crise-postelectorale-en-republique-du-benin","9":"tag-legislatives-2019","10":"tag-paix-sur-le-benin","11":"tag-patrice-talon","12":"post_format-post-format-video"},"jetpack_featured_media_url":"https:\/\/socialwatch.bj\/wp-content\/uploads\/2019\/06\/PCA-Blanche-SONON.jpeg","_links":{"self":[{"href":"https:\/\/socialwatch.bj\/index.php?rest_route=\/wp\/v2\/posts\/700","targetHints":{"allow":["GET"]}}],"collection":[{"href":"https:\/\/socialwatch.bj\/index.php?rest_route=\/wp\/v2\/posts"}],"about":[{"href":"https:\/\/socialwatch.bj\/index.php?rest_route=\/wp\/v2\/types\/post"}],"author":[{"embeddable":true,"href":"https:\/\/socialwatch.bj\/index.php?rest_route=\/wp\/v2\/users\/1"}],"replies":[{"embeddable":true,"href":"https:\/\/socialwatch.bj\/index.php?rest_route=%2Fwp%2Fv2%2Fcomments&post=700"}],"version-history":[{"count":6,"href":"https:\/\/socialwatch.bj\/index.php?rest_route=\/wp\/v2\/posts\/700\/revisions"}],"predecessor-version":[{"id":710,"href":"https:\/\/socialwatch.bj\/index.php?rest_route=\/wp\/v2\/posts\/700\/revisions\/710"}],"wp:featuredmedia":[{"embeddable":true,"href":"https:\/\/socialwatch.bj\/index.php?rest_route=\/wp\/v2\/media\/701"}],"wp:attachment":[{"href":"https:\/\/socialwatch.bj\/index.php?rest_route=%2Fwp%2Fv2%2Fmedia&parent=700"}],"wp:term":[{"taxonomy":"category","embeddable":true,"href":"https:\/\/socialwatch.bj\/index.php?rest_route=%2Fwp%2Fv2%2Fcategories&post=700"},{"taxonomy":"post_tag","embeddable":true,"href":"https:\/\/socialwatch.bj\/index.php?rest_route=%2Fwp%2Fv2%2Ftags&post=700"}],"curies":[{"name":"wp","href":"https:\/\/api.w.org\/{rel}","templated":true}]}}