{"id":943,"date":"2020-01-23T14:51:46","date_gmt":"2020-01-23T13:51:46","guid":{"rendered":"https:\/\/socialwatch.bj\/?p=943"},"modified":"2020-03-12T16:06:00","modified_gmt":"2020-03-12T15:06:00","slug":"publication-des-resultats-2019-de-lindice-de-perception-de-la-corruption-le-score-du-benin-montre-que-des-efforts-restent-a-faire-en-matiere-detat-de-droit","status":"publish","type":"post","link":"https:\/\/socialwatch.bj\/?p=943","title":{"rendered":"Publication des r\u00e9sultats 2019 de l\u2019Indice de Perception de la Corruption: le score du B\u00e9nin montre que des efforts restent  \u00e0 faire en mati\u00e8re d\u2019Etat de Droit."},"content":{"rendered":"<p><img loading=\"lazy\" decoding=\"async\" class=\"aligncenter wp-image-944 size-large\" src=\"https:\/\/socialwatch.bj\/wp-content\/uploads\/2020\/01\/Enseigne_SW_vf-1024x334.jpg\" alt=\"\" width=\"696\" height=\"227\" srcset=\"https:\/\/socialwatch.bj\/wp-content\/uploads\/2020\/01\/Enseigne_SW_vf-1024x334.jpg 1024w, https:\/\/socialwatch.bj\/wp-content\/uploads\/2020\/01\/Enseigne_SW_vf-300x98.jpg 300w, https:\/\/socialwatch.bj\/wp-content\/uploads\/2020\/01\/Enseigne_SW_vf-768x250.jpg 768w, https:\/\/socialwatch.bj\/wp-content\/uploads\/2020\/01\/Enseigne_SW_vf-696x227.jpg 696w, https:\/\/socialwatch.bj\/wp-content\/uploads\/2020\/01\/Enseigne_SW_vf-1068x348.jpg 1068w, https:\/\/socialwatch.bj\/wp-content\/uploads\/2020\/01\/Enseigne_SW_vf.jpg 1086w\" sizes=\"auto, (max-width: 696px) 100vw, 696px\" \/><\/p>\n<p>L\u2019<strong>Indice de Perception de la Corruption 2019 <\/strong>(IPC 2019) rendu public ce jour par\u00a0Transparency International (TI),<strong> affiche pour le B\u00e9nin un score de 41 points sur 100, une augmentation d\u2019un (1) point par rapport \u00e0 2018. Cette \u00e9volution constante not\u00e9e depuis les trois derni\u00e8res ann\u00e9es demeure cependant en dessous de la moyenne mondiale qui est de 43 points. <\/strong><\/p>\n<p>Les r\u00e9sultats du B\u00e9nin s\u2019appuient sur 07 enqu\u00eates et \u00e9valuations d\u2019experts, \u00e0 savoir\u00a0:<\/p>\n<p>&#8211; l\u2019Evaluation 2018 des politiques et des institutions des pays (CPIA &#8211; Banque Mondiale\u00a0: <a href=\"https:\/\/bit.ly\/2umVYL8\">https:\/\/bit.ly\/2umVYL8<\/a>), 43 points sur 100\u00a0;<\/p>\n<p>&#8211; l\u2019Evaluation 2018 des politiques et des institutions des pays (CPIA &#8211; Banque Africaine de D\u00e9veloppement\u00a0: <a href=\"https:\/\/bit.ly\/2RIc3mt\">https:\/\/bit.ly\/2RIc3mt<\/a>), 42 sur 100\u00a0;<\/p>\n<p>&#8211; l\u2019Enqu\u00eate d\u2019opinion 2019 aupr\u00e8s des Chefs d\u2019entreprises (WEF &#8211; Forum Economique Mondial\u00a0: <a href=\"https:\/\/bit.ly\/3aDmvEA\">https:\/\/bit.ly\/3aDmvEA<\/a>), 40 sur 100\u00a0;<\/p>\n<p>&#8211; les Indicateurs des conditions \u00e9conomiques et de risque en 2018 (Global Insight\u00a0: <a href=\"https:\/\/bit.ly\/2RN5xe6\">https:\/\/bit.ly\/2RN5xe6<\/a>), 35 sur 100\u00a0;<\/p>\n<p>&#8211; l\u2019Indice de transformation 2020<a href=\"#_ftn1\" name=\"_ftnref1\">[1]<\/a> (Bertelsmann Stiftung\u00a0: <a href=\"https:\/\/bit.ly\/30JUKpl\">https:\/\/bit.ly\/30JUKpl<\/a>), 41 sur 100\u00a0;<\/p>\n<p>&#8211; le Projet Vari\u00e9t\u00e9s de d\u00e9mocraties (V-Dem 2019\u00a0: <a href=\"https:\/\/bit.ly\/3azxRcA\">https:\/\/bit.ly\/3azxRcA<\/a>), 54 sur 100\u00a0;<\/p>\n<p>&#8211; l\u2019Indice de l&#8217;Etat de droit 2019 (World Justice Project\u00a0: <a href=\"https:\/\/bit.ly\/2TLsTUh\">https:\/\/bit.ly\/2TLsTUh<\/a>), 33 sur 100.<\/p>\n<p>Comparativement \u00e0 l\u2019\u00e9dition pr\u00e9c\u00e9dente de l\u2019IPC, <strong>le B\u00e9nin est demeur\u00e9 statique<\/strong> sur deux composantes (CPIA- Banque Mondiale et Global Insight). <strong>Il a connu des progr\u00e8s <\/strong>au niveau de trois composantes (WEF, Indice de transformation et V-Dem) respectivement de <strong>6, 8 et 2 points<\/strong>. Il est not\u00e9 <strong>une r\u00e9gression de 2 points<\/strong> sur une composante (CPIA-BAD). Par rapport \u00e0 la composante \u00ab\u00a0Etat de droit\u00a0\u00bb bas\u00e9e sur le rapport 2019 de Word Justice Project qui a \u00e9valu\u00e9 le B\u00e9nin pour la premi\u00e8re fois, <strong>la note de 33 points sur 100 est la plus faible de toutes les composantes<\/strong>.<\/p>\n<p>Cette derni\u00e8re composante de l\u2019IPC comprend huit crit\u00e8res \u00e0 l\u2019aune desquels est mesur\u00e9e la qualit\u00e9 de l\u2019Etat de droit \u00e0 travers\u00a0:<\/p>\n<ul>\n<li>les contraintes (l\u00e9gislatives, judiciaires, citoyennes) sur le pouvoir de l\u2019Ex\u00e9cutif\u00a0;<\/li>\n<li>l\u2019absence de corruption dans le secteur public\u00a0;<\/li>\n<li>le gouvernement ouvert\u00a0;<\/li>\n<li>les droits fondamentaux\u00a0;<\/li>\n<li>l\u2019ordre et la s\u00e9curit\u00e9\u00a0;<\/li>\n<li>l\u2019application des lois et r\u00e8glementations\u00a0;<\/li>\n<li>la justice civile\u00a0;<\/li>\n<li>la justice p\u00e9nale.<\/li>\n<\/ul>\n<p>Dans le cas de l\u2019IPC, le crit\u00e8re retenu est &#8220;<strong>l\u2019absence de corruption dans le secteur public<\/strong>&#8221; qui appr\u00e9cie\u00a0:<\/p>\n<ul>\n<li>si les repr\u00e9sentants du pouvoir ex\u00e9cutif n&#8217;utilisent pas la fonction publique \u00e0 des fins priv\u00e9es\u00a0;<\/li>\n<li>si les fonctionnaires du pouvoir judiciaire n&#8217;utilisent pas la fonction publique \u00e0 des fins priv\u00e9es\u00a0;<\/li>\n<li>si les fonctionnaires de la police et de l&#8217;arm\u00e9e n&#8217;utilisent pas la fonction publique \u00e0 des fins priv\u00e9es\u00a0;<\/li>\n<li>si les d\u00e9put\u00e9s \u00e0 l&#8217;Assembl\u00e9e Nationale n&#8217;utilisent pas la fonction publique \u00e0 des fins priv\u00e9es.<\/li>\n<\/ul>\n<p>S\u2019agissant de ce crit\u00e8re, sur 126 pays \u00e9valu\u00e9s par World Justice Project, le B\u00e9nin occupe la 96<sup>\u00e8me<\/sup> place.<\/p>\n<p>En effet, un \u00c9tat de droit efficace r\u00e9duit la corruption, combat la pauvret\u00e9 et les maladies, et prot\u00e8ge les citoyens de toutes formes d\u2019injustice. Il est le fondement des communaut\u00e9s de justice, d&#8217;opportunit\u00e9 et de paix sous-tendant le d\u00e9veloppement, une gouvernance responsable et le respect des droits fondamentaux.<\/p>\n<p>C\u2019est face \u00e0 ces d\u00e9fis du renforcement de l\u2019Etat de droit que l\u2019Indice de Perception de la Corruption 2019 place le B\u00e9nin.<\/p>\n<p><a href=\"#_ftnref1\" name=\"_ftn1\">[1]<\/a> L\u2019indice sera rendu public au premier semestre 2020<\/p>\n<p style=\"text-align: right;\">Cotonou, le 23 janvier 2020.<\/p>\n<p style=\"text-align: right;\"><a href=\"https:\/\/socialwatch.bj\/wp-content\/uploads\/2020\/01\/IPC2019_Communique_national.pdf\" target=\"_blank\" rel=\"noopener\">T\u00e9l\u00e9charger le Communiqu\u00e9<\/a><\/p>\n","protected":false},"excerpt":{"rendered":"<p>L\u2019Indice de Perception de la Corruption 2019 (IPC 2019) rendu public ce jour par\u00a0Transparency International (TI), affiche pour le B\u00e9nin un score de 41 points sur 100, une augmentation d\u2019un (1) point par rapport \u00e0 2018. Cette \u00e9volution constante not\u00e9e depuis les trois derni\u00e8res ann\u00e9es demeure cependant en dessous de la moyenne mondiale qui est [&hellip;]<\/p>\n","protected":false},"author":1,"featured_media":945,"comment_status":"open","ping_status":"open","sticky":false,"template":"","format":"standard","meta":{"amp_status":"","footnotes":""},"categories":[34,45],"tags":[101,102,104,103,93],"class_list":{"0":"post-943","1":"post","2":"type-post","3":"status-publish","4":"format-standard","5":"has-post-thumbnail","7":"category-activites","8":"category-transparency-international","9":"tag-cpi2019","10":"tag-ipc2019","11":"tag-indice-de-perception-de-la-corruption-2019","12":"tag-ipc-2019-du-benin","13":"tag-ti-benin"},"jetpack_featured_media_url":"https:\/\/socialwatch.bj\/wp-content\/uploads\/2020\/01\/icp2019BJ.jpg","_links":{"self":[{"href":"https:\/\/socialwatch.bj\/index.php?rest_route=\/wp\/v2\/posts\/943","targetHints":{"allow":["GET"]}}],"collection":[{"href":"https:\/\/socialwatch.bj\/index.php?rest_route=\/wp\/v2\/posts"}],"about":[{"href":"https:\/\/socialwatch.bj\/index.php?rest_route=\/wp\/v2\/types\/post"}],"author":[{"embeddable":true,"href":"https:\/\/socialwatch.bj\/index.php?rest_route=\/wp\/v2\/users\/1"}],"replies":[{"embeddable":true,"href":"https:\/\/socialwatch.bj\/index.php?rest_route=%2Fwp%2Fv2%2Fcomments&post=943"}],"version-history":[{"count":7,"href":"https:\/\/socialwatch.bj\/index.php?rest_route=\/wp\/v2\/posts\/943\/revisions"}],"predecessor-version":[{"id":1038,"href":"https:\/\/socialwatch.bj\/index.php?rest_route=\/wp\/v2\/posts\/943\/revisions\/1038"}],"wp:featuredmedia":[{"embeddable":true,"href":"https:\/\/socialwatch.bj\/index.php?rest_route=\/wp\/v2\/media\/945"}],"wp:attachment":[{"href":"https:\/\/socialwatch.bj\/index.php?rest_route=%2Fwp%2Fv2%2Fmedia&parent=943"}],"wp:term":[{"taxonomy":"category","embeddable":true,"href":"https:\/\/socialwatch.bj\/index.php?rest_route=%2Fwp%2Fv2%2Fcategories&post=943"},{"taxonomy":"post_tag","embeddable":true,"href":"https:\/\/socialwatch.bj\/index.php?rest_route=%2Fwp%2Fv2%2Ftags&post=943"}],"curies":[{"name":"wp","href":"https:\/\/api.w.org\/{rel}","templated":true}]}}