{"id":966,"date":"2020-02-03T12:28:43","date_gmt":"2020-02-03T11:28:43","guid":{"rendered":"https:\/\/socialwatch.bj\/?p=966"},"modified":"2020-02-04T16:59:07","modified_gmt":"2020-02-04T15:59:07","slug":"appel-a-candidature-pour-la-gestion-la-plateforme-alert-eau","status":"publish","type":"post","link":"https:\/\/socialwatch.bj\/?p=966","title":{"rendered":"Appel \u00e0 candidature pour la gestion la plateforme ALERT-EAU"},"content":{"rendered":"<p>La promotion du contr\u00f4le citoyen serait plus efficace si les Organisations de la Soci\u00e9t\u00e9 Civile saisissaient les opportunit\u00e9s qu\u2019offre le d\u00e9veloppement de la technologie. L\u2019apparition de l\u2019internet et des nouveaux m\u00e9dias qui permettent des \u00e9changes d\u2019information de mani\u00e8re instantan\u00e9e de par le monde constituent une avanc\u00e9e importante de ce d\u00e9veloppement. L\u2019ensemble des usages li\u00e9s \u00e0 ce d\u00e9veloppement est d\u00e9sign\u00e9 aujourd\u2019hui sous les termes de num\u00e9rique ou de technologies de l\u2019information et de la communication. Les technologies de l\u2019information et de la communication ont transform\u00e9 tous les secteurs de la vie, notamment le travail, et permettent des gains de temps incroyables. L\u2019adaptation des organisations \u00e0 cette \u00e9volution num\u00e9rique est connue sous le terme de digitalisation. Ainsi, on parle <em>d\u2019e-administration<\/em>, d\u2019<em>e-gouvernance<\/em>, de <em>Civil-Tech<\/em>, etc.<\/p>\n<p>Le Programme \u00ab\u00a0Volet Gouvernance du Programme OmiDelta Fonds\/ANE\u00a0\u00bb financ\u00e9 par l\u2019Ambassade des Pays-Bas et SNV voudra profiter de cette tendance pour rendre la veille citoyenne plus instantan\u00e9e sur les \u00e9changes d\u2019information relatifs aux plaintes et interpellations dans le secteur de l\u2019eau.<\/p>\n<p>Plus de d\u00e9tails dans le document d\u2019appel: <a href=\"https:\/\/socialwatch.bj\/wp-content\/uploads\/2020\/02\/TDR_Hebergement_Alerte_EauOK.pdf\" target=\"_blank\" rel=\"noopener\">T\u00e9l\u00e9charger les TDR<\/a><\/p>\n<p>Les dossiers de candidature complets, comportant les pi\u00e8ces requises peuvent \u00eatre d\u00e9pos\u00e9s:<\/p>\n<p>Sous plis ferm\u00e9s avec la mention \u00ab<strong><em>RECRUTEMENT D\u2019UN CONSULTANT POUR ASSURER LA GESTION ET LA MAINTENANCE DE LA PLATEFORME ALERT-EAU POUR CINQ (05) ANS <\/em><\/strong>\u00bb<\/p>\n<ul>\n<li>au secr\u00e9tariat de Social Watch B\u00e9nin sis \u00e0 l\u2019immeuble IBIKUNLE Latif \u00e0 100 m en rentrant dans la rue entre la Station DOVONOU et l\u2019Eglise des Assembl\u00e9es de Dieu \u2010 C\/487 \u2010 Quartier J\u00e9richo, Cotonou \u2013 03 BP 2065 \u2010 T\u00e9l. : 21.04.20.12 \/ 97.23.19.51 ,<\/li>\n<li>ou par mail sur l\u2019adresse contact@socialwatch.bj<\/li>\n<\/ul>\n<p>Toute demande de clarification peut \u00eatre adress\u00e9e par courrier \u00e9lectronique \u00e0 l\u2019adresse mail Social Watch B\u00e9nin. La <strong>date cl\u00f4ture de d\u00e9p\u00f4t des dossiers est fix\u00e9e au mardi 18 F\u00e9vrier 2020 \u00e0 17 heures (heure locale).<\/strong><\/p>\n<p>Social Watch B\u00e9nin se r\u00e9serve le droit de ne pas donner suite \u00e0 cet appel.<\/p>\n<p>&nbsp;<\/p>\n","protected":false},"excerpt":{"rendered":"<p>La promotion du contr\u00f4le citoyen serait plus efficace si les Organisations de la Soci\u00e9t\u00e9 Civile saisissaient les opportunit\u00e9s qu\u2019offre le d\u00e9veloppement de la technologie. L\u2019apparition de l\u2019internet et des nouveaux m\u00e9dias qui permettent des \u00e9changes d\u2019information de mani\u00e8re instantan\u00e9e de par le monde constituent une avanc\u00e9e importante de ce d\u00e9veloppement. L\u2019ensemble des usages li\u00e9s \u00e0 [&hellip;]<\/p>\n","protected":false},"author":1,"featured_media":969,"comment_status":"open","ping_status":"open","sticky":false,"template":"","format":"standard","meta":{"amp_status":"","footnotes":""},"categories":[34,64,36],"tags":[106,105,65,40],"class_list":{"0":"post-966","1":"post","2":"type-post","3":"status-publish","4":"format-standard","5":"has-post-thumbnail","7":"category-activites","8":"category-omidelta","9":"category-opportunites","10":"tag-alert-eau","11":"tag-communes229","12":"tag-omidelta","13":"tag-social-watch-benin"},"jetpack_featured_media_url":"https:\/\/socialwatch.bj\/wp-content\/uploads\/2020\/02\/eausnvomidelta.jpg","_links":{"self":[{"href":"https:\/\/socialwatch.bj\/index.php?rest_route=\/wp\/v2\/posts\/966","targetHints":{"allow":["GET"]}}],"collection":[{"href":"https:\/\/socialwatch.bj\/index.php?rest_route=\/wp\/v2\/posts"}],"about":[{"href":"https:\/\/socialwatch.bj\/index.php?rest_route=\/wp\/v2\/types\/post"}],"author":[{"embeddable":true,"href":"https:\/\/socialwatch.bj\/index.php?rest_route=\/wp\/v2\/users\/1"}],"replies":[{"embeddable":true,"href":"https:\/\/socialwatch.bj\/index.php?rest_route=%2Fwp%2Fv2%2Fcomments&post=966"}],"version-history":[{"count":4,"href":"https:\/\/socialwatch.bj\/index.php?rest_route=\/wp\/v2\/posts\/966\/revisions"}],"predecessor-version":[{"id":974,"href":"https:\/\/socialwatch.bj\/index.php?rest_route=\/wp\/v2\/posts\/966\/revisions\/974"}],"wp:featuredmedia":[{"embeddable":true,"href":"https:\/\/socialwatch.bj\/index.php?rest_route=\/wp\/v2\/media\/969"}],"wp:attachment":[{"href":"https:\/\/socialwatch.bj\/index.php?rest_route=%2Fwp%2Fv2%2Fmedia&parent=966"}],"wp:term":[{"taxonomy":"category","embeddable":true,"href":"https:\/\/socialwatch.bj\/index.php?rest_route=%2Fwp%2Fv2%2Fcategories&post=966"},{"taxonomy":"post_tag","embeddable":true,"href":"https:\/\/socialwatch.bj\/index.php?rest_route=%2Fwp%2Fv2%2Ftags&post=966"}],"curies":[{"name":"wp","href":"https:\/\/api.w.org\/{rel}","templated":true}]}}